{"id":79773,"date":"2025-12-09T08:51:25","date_gmt":"2025-12-09T07:51:25","guid":{"rendered":"https:\/\/waldspurger.ch\/?p=79773"},"modified":"2025-12-10T11:52:25","modified_gmt":"2025-12-10T10:52:25","slug":"un-regard-sur-lannee-ecoulee-25","status":"publish","type":"post","link":"https:\/\/waldspurger.ch\/fr\/2025\/12\/09\/un-regard-sur-lannee-ecoulee-25\/","title":{"rendered":"Un regard sur l\u2019ann\u00e9e \u00e9coul\u00e9e"},"content":{"rendered":"<div class=\"wpb-content-wrapper\"><p>[vc_row][vc_column][vc_column_text css=\u00a0\u00bb\u00a0\u00bb]<\/p>\n<h2>Un regard sur l\u2019ann\u00e9e \u00e9coul\u00e9e<\/h2>\n<p>2025 touche \u00e0 sa fin; c\u2019est le moment pour une petite r\u00e9trospective. Avant tout, nous sommes reconnaissants: reconnaissants envers vous, ch\u00e8res clientes, chers clients, pour la confiance que vous nous accordez; reconnaissants envers nos partenaires de longue date et pour la collaboration enrichissante; reconnaissants envers nos collaborateurs et collaboratrices qui s\u2019engagent jour apr\u00e8s jour pour notre entreprise et reconnaissants envers nos familles sans lesquelles une entreprise familiale ne serait pas une entreprise familiale. Ce sont souvent de petits gestes comme un gentil mot, un sourire inattendu ou un paquet surprise rempli de sucreries, qui nous confortent dans la certitude d\u2019\u00eatre sur le bon chemin. Notre r\u00e9trospective annuelle vous pr\u00e9sente en acc\u00e9l\u00e9r\u00e9 les \u00e9v\u00e9nements les plus marquants et vous invite \u00e0 jeter un regard dans les coulisses de Waldspurger SA &#8211; laissez-vous y emmener! Nous vous souhaitons \u00e0 toutes et \u00e0 tous une p\u00e9riode de No\u00ebl pleine de lumi\u00e8re et une bonne et heureuse nouvelle ann\u00e9e 2026. Au plaisir de vous retrouver l\u2019ann\u00e9e prochaine![\/vc_column_text][vc_empty_space][\/vc_column][\/vc_row][vc_row][vc_column]<div class=\"gem-video gem-wrapbox gem-wrapbox-style-no-style rounded-corners gem-wrapbox-position-below\" style=\"width: 100%;\"><div class=\"gem-wrapbox-inner video-block gem-ratio-style\" style=\"padding-top: 56.25%\"><video width=\"100%\" height=\"100%\" controls=\"controls\" src=\"https:\/\/waldspurger.ch\/wp-content\/uploads\/2025\/12\/WAG_Jahresrueckblick%202025_FR.mp4\"  poster=\"https:\/\/waldspurger.ch\/wp-content\/uploads\/2025\/12\/Waldspurger_Poster_Video_Dez_FR.png\" preload=\"none\"><\/video><\/div><\/div>[\/vc_column][\/vc_row]<\/p>\n<\/div>","protected":false},"excerpt":{"rendered":"<p>2025 touche \u00e0 sa fin; c\u2019est le moment pour une petite r\u00e9trospective. Avant tout, nous sommes reconnaissants: reconnaissants envers vous, ch\u00e8res clientes, chers clients, pour la confiance que vous nous accordez;<\/p>\n","protected":false},"author":1,"featured_media":79784,"comment_status":"closed","ping_status":"open","sticky":false,"template":"","format":"standard","meta":{"footnotes":""},"categories":[193,192],"tags":[],"class_list":{"0":"post-79773","1":"post","2":"type-post","3":"status-publish","4":"format-standard","5":"has-post-thumbnail","7":"category-informations-utiles","8":"category-nouvelles"},"yoast_head":"<!-- This site is optimized with the Yoast SEO plugin v27.2 - https:\/\/yoast.com\/product\/yoast-seo-wordpress\/ -->\n<title>Un regard sur l\u2019ann\u00e9e \u00e9coul\u00e9e - Waldspurger SA<\/title>\n<meta name=\"robots\" content=\"index, follow, max-snippet:-1, max-image-preview:large, max-video-preview:-1\" \/>\n<link rel=\"canonical\" href=\"https:\/\/waldspurger.ch\/fr\/2025\/12\/09\/un-regard-sur-lannee-ecoulee-25\/\" \/>\n<meta property=\"og:locale\" content=\"fr_FR\" \/>\n<meta property=\"og:type\" content=\"article\" \/>\n<meta property=\"og:title\" content=\"Un regard sur l\u2019ann\u00e9e \u00e9coul\u00e9e - Waldspurger SA\" \/>\n<meta property=\"og:description\" content=\"2025 touche \u00e0 sa fin; c\u2019est le moment pour une petite r\u00e9trospective. Avant tout, nous sommes reconnaissants: reconnaissants envers vous, ch\u00e8res clientes, chers clients, pour la confiance que vous nous accordez;\" \/>\n<meta property=\"og:url\" content=\"https:\/\/waldspurger.ch\/fr\/2025\/12\/09\/un-regard-sur-lannee-ecoulee-25\/\" \/>\n<meta property=\"og:site_name\" content=\"Waldspurger SA\" \/>\n<meta property=\"article:published_time\" content=\"2025-12-09T07:51:25+00:00\" \/>\n<meta property=\"article:modified_time\" content=\"2025-12-10T10:52:25+00:00\" \/>\n<meta property=\"og:image\" content=\"https:\/\/waldspurger.ch\/wp-content\/uploads\/2025\/12\/Waldspurger_Blog_Dez_25-2.jpg\" \/>\n\t<meta property=\"og:image:width\" content=\"2048\" \/>\n\t<meta property=\"og:image:height\" content=\"1365\" \/>\n\t<meta property=\"og:image:type\" content=\"image\/jpeg\" \/>\n<meta name=\"author\" content=\"Adminmoritzi\" \/>\n<meta name=\"twitter:card\" content=\"summary_large_image\" \/>\n<script type=\"application\/ld+json\" class=\"yoast-schema-graph\">{\"@context\":\"https:\/\/schema.org\",\"@graph\":[{\"@type\":\"Article\",\"@id\":\"https:\/\/waldspurger.ch\/fr\/2025\/12\/09\/un-regard-sur-lannee-ecoulee-25\/#article\",\"isPartOf\":{\"@id\":\"https:\/\/waldspurger.ch\/fr\/2025\/12\/09\/un-regard-sur-lannee-ecoulee-25\/\"},\"author\":{\"name\":\"Adminmoritzi\",\"@id\":\"https:\/\/waldspurger.ch\/fr\/#\/schema\/person\/e92a92f5b5a240afd932a5eba15ae94c\"},\"headline\":\"Un regard sur l\u2019ann\u00e9e \u00e9coul\u00e9e\",\"datePublished\":\"2025-12-09T07:51:25+00:00\",\"dateModified\":\"2025-12-10T10:52:25+00:00\",\"mainEntityOfPage\":{\"@id\":\"https:\/\/waldspurger.ch\/fr\/2025\/12\/09\/un-regard-sur-lannee-ecoulee-25\/\"},\"wordCount\":231,\"publisher\":{\"@id\":\"https:\/\/waldspurger.ch\/fr\/#organization\"},\"image\":{\"@id\":\"https:\/\/waldspurger.ch\/fr\/2025\/12\/09\/un-regard-sur-lannee-ecoulee-25\/#primaryimage\"},\"thumbnailUrl\":\"https:\/\/waldspurger.ch\/wp-content\/uploads\/2025\/12\/Waldspurger_Blog_Dez_25-2.jpg\",\"articleSection\":[\"Informations utiles\",\"Nouvelles\"],\"inLanguage\":\"fr-FR\"},{\"@type\":\"WebPage\",\"@id\":\"https:\/\/waldspurger.ch\/fr\/2025\/12\/09\/un-regard-sur-lannee-ecoulee-25\/\",\"url\":\"https:\/\/waldspurger.ch\/fr\/2025\/12\/09\/un-regard-sur-lannee-ecoulee-25\/\",\"name\":\"Un regard sur l\u2019ann\u00e9e \u00e9coul\u00e9e - Waldspurger SA\",\"isPartOf\":{\"@id\":\"https:\/\/waldspurger.ch\/fr\/#website\"},\"primaryImageOfPage\":{\"@id\":\"https:\/\/waldspurger.ch\/fr\/2025\/12\/09\/un-regard-sur-lannee-ecoulee-25\/#primaryimage\"},\"image\":{\"@id\":\"https:\/\/waldspurger.ch\/fr\/2025\/12\/09\/un-regard-sur-lannee-ecoulee-25\/#primaryimage\"},\"thumbnailUrl\":\"https:\/\/waldspurger.ch\/wp-content\/uploads\/2025\/12\/Waldspurger_Blog_Dez_25-2.jpg\",\"datePublished\":\"2025-12-09T07:51:25+00:00\",\"dateModified\":\"2025-12-10T10:52:25+00:00\",\"breadcrumb\":{\"@id\":\"https:\/\/waldspurger.ch\/fr\/2025\/12\/09\/un-regard-sur-lannee-ecoulee-25\/#breadcrumb\"},\"inLanguage\":\"fr-FR\",\"potentialAction\":[{\"@type\":\"ReadAction\",\"target\":[\"https:\/\/waldspurger.ch\/fr\/2025\/12\/09\/un-regard-sur-lannee-ecoulee-25\/\"]}]},{\"@type\":\"ImageObject\",\"inLanguage\":\"fr-FR\",\"@id\":\"https:\/\/waldspurger.ch\/fr\/2025\/12\/09\/un-regard-sur-lannee-ecoulee-25\/#primaryimage\",\"url\":\"https:\/\/waldspurger.ch\/wp-content\/uploads\/2025\/12\/Waldspurger_Blog_Dez_25-2.jpg\",\"contentUrl\":\"https:\/\/waldspurger.ch\/wp-content\/uploads\/2025\/12\/Waldspurger_Blog_Dez_25-2.jpg\",\"width\":2048,\"height\":1365},{\"@type\":\"BreadcrumbList\",\"@id\":\"https:\/\/waldspurger.ch\/fr\/2025\/12\/09\/un-regard-sur-lannee-ecoulee-25\/#breadcrumb\",\"itemListElement\":[{\"@type\":\"ListItem\",\"position\":1,\"name\":\"Startseite\",\"item\":\"https:\/\/waldspurger.ch\/fr\/\"},{\"@type\":\"ListItem\",\"position\":2,\"name\":\"Un regard sur l\u2019ann\u00e9e \u00e9coul\u00e9e\"}]},{\"@type\":\"WebSite\",\"@id\":\"https:\/\/waldspurger.ch\/fr\/#website\",\"url\":\"https:\/\/waldspurger.ch\/fr\/\",\"name\":\"Waldspurger SA\",\"description\":\"Am\u00e9nagement\",\"publisher\":{\"@id\":\"https:\/\/waldspurger.ch\/fr\/#organization\"},\"potentialAction\":[{\"@type\":\"SearchAction\",\"target\":{\"@type\":\"EntryPoint\",\"urlTemplate\":\"https:\/\/waldspurger.ch\/fr\/?s={search_term_string}\"},\"query-input\":{\"@type\":\"PropertyValueSpecification\",\"valueRequired\":true,\"valueName\":\"search_term_string\"}}],\"inLanguage\":\"fr-FR\"},{\"@type\":\"Organization\",\"@id\":\"https:\/\/waldspurger.ch\/fr\/#organization\",\"name\":\"Waldspurger AG\",\"url\":\"https:\/\/waldspurger.ch\/fr\/\",\"logo\":{\"@type\":\"ImageObject\",\"inLanguage\":\"fr-FR\",\"@id\":\"https:\/\/waldspurger.ch\/fr\/#\/schema\/logo\/image\/\",\"url\":\"https:\/\/waldspurger.ch\/wp-content\/uploads\/2022\/02\/logo_de.png\",\"contentUrl\":\"https:\/\/waldspurger.ch\/wp-content\/uploads\/2022\/02\/logo_de.png\",\"width\":320,\"height\":223,\"caption\":\"Waldspurger AG\"},\"image\":{\"@id\":\"https:\/\/waldspurger.ch\/fr\/#\/schema\/logo\/image\/\"},\"sameAs\":[\"https:\/\/ch.linkedin.com\/company\/waldspurger-bergdietikon\",\"https:\/\/www.youtube.com\/channel\/UC4BYucVfPuWzNF4hyfO3YTw\"]},{\"@type\":\"Person\",\"@id\":\"https:\/\/waldspurger.ch\/fr\/#\/schema\/person\/e92a92f5b5a240afd932a5eba15ae94c\",\"name\":\"Adminmoritzi\",\"image\":{\"@type\":\"ImageObject\",\"inLanguage\":\"fr-FR\",\"@id\":\"https:\/\/secure.gravatar.com\/avatar\/4f43fbec0cc1848d75d18da5595fa2e9d12bc02d9d761756323c70efe587d61a?s=96&d=mm&r=g\",\"url\":\"https:\/\/secure.gravatar.com\/avatar\/4f43fbec0cc1848d75d18da5595fa2e9d12bc02d9d761756323c70efe587d61a?s=96&d=mm&r=g\",\"contentUrl\":\"https:\/\/secure.gravatar.com\/avatar\/4f43fbec0cc1848d75d18da5595fa2e9d12bc02d9d761756323c70efe587d61a?s=96&d=mm&r=g\",\"caption\":\"Adminmoritzi\"}}]}<\/script>\n<!-- \/ Yoast SEO plugin. -->","yoast_head_json":{"title":"Un regard sur l\u2019ann\u00e9e \u00e9coul\u00e9e - Waldspurger SA","robots":{"index":"index","follow":"follow","max-snippet":"max-snippet:-1","max-image-preview":"max-image-preview:large","max-video-preview":"max-video-preview:-1"},"canonical":"https:\/\/waldspurger.ch\/fr\/2025\/12\/09\/un-regard-sur-lannee-ecoulee-25\/","og_locale":"fr_FR","og_type":"article","og_title":"Un regard sur l\u2019ann\u00e9e \u00e9coul\u00e9e - Waldspurger SA","og_description":"2025 touche \u00e0 sa fin; c\u2019est le moment pour une petite r\u00e9trospective. Avant tout, nous sommes reconnaissants: reconnaissants envers vous, ch\u00e8res clientes, chers clients, pour la confiance que vous nous accordez;","og_url":"https:\/\/waldspurger.ch\/fr\/2025\/12\/09\/un-regard-sur-lannee-ecoulee-25\/","og_site_name":"Waldspurger SA","article_published_time":"2025-12-09T07:51:25+00:00","article_modified_time":"2025-12-10T10:52:25+00:00","og_image":[{"width":2048,"height":1365,"url":"https:\/\/waldspurger.ch\/wp-content\/uploads\/2025\/12\/Waldspurger_Blog_Dez_25-2.jpg","type":"image\/jpeg"}],"author":"Adminmoritzi","twitter_card":"summary_large_image","schema":{"@context":"https:\/\/schema.org","@graph":[{"@type":"Article","@id":"https:\/\/waldspurger.ch\/fr\/2025\/12\/09\/un-regard-sur-lannee-ecoulee-25\/#article","isPartOf":{"@id":"https:\/\/waldspurger.ch\/fr\/2025\/12\/09\/un-regard-sur-lannee-ecoulee-25\/"},"author":{"name":"Adminmoritzi","@id":"https:\/\/waldspurger.ch\/fr\/#\/schema\/person\/e92a92f5b5a240afd932a5eba15ae94c"},"headline":"Un regard sur l\u2019ann\u00e9e \u00e9coul\u00e9e","datePublished":"2025-12-09T07:51:25+00:00","dateModified":"2025-12-10T10:52:25+00:00","mainEntityOfPage":{"@id":"https:\/\/waldspurger.ch\/fr\/2025\/12\/09\/un-regard-sur-lannee-ecoulee-25\/"},"wordCount":231,"publisher":{"@id":"https:\/\/waldspurger.ch\/fr\/#organization"},"image":{"@id":"https:\/\/waldspurger.ch\/fr\/2025\/12\/09\/un-regard-sur-lannee-ecoulee-25\/#primaryimage"},"thumbnailUrl":"https:\/\/waldspurger.ch\/wp-content\/uploads\/2025\/12\/Waldspurger_Blog_Dez_25-2.jpg","articleSection":["Informations utiles","Nouvelles"],"inLanguage":"fr-FR"},{"@type":"WebPage","@id":"https:\/\/waldspurger.ch\/fr\/2025\/12\/09\/un-regard-sur-lannee-ecoulee-25\/","url":"https:\/\/waldspurger.ch\/fr\/2025\/12\/09\/un-regard-sur-lannee-ecoulee-25\/","name":"Un regard sur l\u2019ann\u00e9e \u00e9coul\u00e9e - Waldspurger SA","isPartOf":{"@id":"https:\/\/waldspurger.ch\/fr\/#website"},"primaryImageOfPage":{"@id":"https:\/\/waldspurger.ch\/fr\/2025\/12\/09\/un-regard-sur-lannee-ecoulee-25\/#primaryimage"},"image":{"@id":"https:\/\/waldspurger.ch\/fr\/2025\/12\/09\/un-regard-sur-lannee-ecoulee-25\/#primaryimage"},"thumbnailUrl":"https:\/\/waldspurger.ch\/wp-content\/uploads\/2025\/12\/Waldspurger_Blog_Dez_25-2.jpg","datePublished":"2025-12-09T07:51:25+00:00","dateModified":"2025-12-10T10:52:25+00:00","breadcrumb":{"@id":"https:\/\/waldspurger.ch\/fr\/2025\/12\/09\/un-regard-sur-lannee-ecoulee-25\/#breadcrumb"},"inLanguage":"fr-FR","potentialAction":[{"@type":"ReadAction","target":["https:\/\/waldspurger.ch\/fr\/2025\/12\/09\/un-regard-sur-lannee-ecoulee-25\/"]}]},{"@type":"ImageObject","inLanguage":"fr-FR","@id":"https:\/\/waldspurger.ch\/fr\/2025\/12\/09\/un-regard-sur-lannee-ecoulee-25\/#primaryimage","url":"https:\/\/waldspurger.ch\/wp-content\/uploads\/2025\/12\/Waldspurger_Blog_Dez_25-2.jpg","contentUrl":"https:\/\/waldspurger.ch\/wp-content\/uploads\/2025\/12\/Waldspurger_Blog_Dez_25-2.jpg","width":2048,"height":1365},{"@type":"BreadcrumbList","@id":"https:\/\/waldspurger.ch\/fr\/2025\/12\/09\/un-regard-sur-lannee-ecoulee-25\/#breadcrumb","itemListElement":[{"@type":"ListItem","position":1,"name":"Startseite","item":"https:\/\/waldspurger.ch\/fr\/"},{"@type":"ListItem","position":2,"name":"Un regard sur l\u2019ann\u00e9e \u00e9coul\u00e9e"}]},{"@type":"WebSite","@id":"https:\/\/waldspurger.ch\/fr\/#website","url":"https:\/\/waldspurger.ch\/fr\/","name":"Waldspurger SA","description":"Am\u00e9nagement","publisher":{"@id":"https:\/\/waldspurger.ch\/fr\/#organization"},"potentialAction":[{"@type":"SearchAction","target":{"@type":"EntryPoint","urlTemplate":"https:\/\/waldspurger.ch\/fr\/?s={search_term_string}"},"query-input":{"@type":"PropertyValueSpecification","valueRequired":true,"valueName":"search_term_string"}}],"inLanguage":"fr-FR"},{"@type":"Organization","@id":"https:\/\/waldspurger.ch\/fr\/#organization","name":"Waldspurger AG","url":"https:\/\/waldspurger.ch\/fr\/","logo":{"@type":"ImageObject","inLanguage":"fr-FR","@id":"https:\/\/waldspurger.ch\/fr\/#\/schema\/logo\/image\/","url":"https:\/\/waldspurger.ch\/wp-content\/uploads\/2022\/02\/logo_de.png","contentUrl":"https:\/\/waldspurger.ch\/wp-content\/uploads\/2022\/02\/logo_de.png","width":320,"height":223,"caption":"Waldspurger AG"},"image":{"@id":"https:\/\/waldspurger.ch\/fr\/#\/schema\/logo\/image\/"},"sameAs":["https:\/\/ch.linkedin.com\/company\/waldspurger-bergdietikon","https:\/\/www.youtube.com\/channel\/UC4BYucVfPuWzNF4hyfO3YTw"]},{"@type":"Person","@id":"https:\/\/waldspurger.ch\/fr\/#\/schema\/person\/e92a92f5b5a240afd932a5eba15ae94c","name":"Adminmoritzi","image":{"@type":"ImageObject","inLanguage":"fr-FR","@id":"https:\/\/secure.gravatar.com\/avatar\/4f43fbec0cc1848d75d18da5595fa2e9d12bc02d9d761756323c70efe587d61a?s=96&d=mm&r=g","url":"https:\/\/secure.gravatar.com\/avatar\/4f43fbec0cc1848d75d18da5595fa2e9d12bc02d9d761756323c70efe587d61a?s=96&d=mm&r=g","contentUrl":"https:\/\/secure.gravatar.com\/avatar\/4f43fbec0cc1848d75d18da5595fa2e9d12bc02d9d761756323c70efe587d61a?s=96&d=mm&r=g","caption":"Adminmoritzi"}}]}},"menu_order":0,"_links":{"self":[{"href":"https:\/\/waldspurger.ch\/fr\/wp-json\/wp\/v2\/posts\/79773","targetHints":{"allow":["GET"]}}],"collection":[{"href":"https:\/\/waldspurger.ch\/fr\/wp-json\/wp\/v2\/posts"}],"about":[{"href":"https:\/\/waldspurger.ch\/fr\/wp-json\/wp\/v2\/types\/post"}],"author":[{"embeddable":true,"href":"https:\/\/waldspurger.ch\/fr\/wp-json\/wp\/v2\/users\/1"}],"replies":[{"embeddable":true,"href":"https:\/\/waldspurger.ch\/fr\/wp-json\/wp\/v2\/comments?post=79773"}],"version-history":[{"count":4,"href":"https:\/\/waldspurger.ch\/fr\/wp-json\/wp\/v2\/posts\/79773\/revisions"}],"predecessor-version":[{"id":79792,"href":"https:\/\/waldspurger.ch\/fr\/wp-json\/wp\/v2\/posts\/79773\/revisions\/79792"}],"wp:featuredmedia":[{"embeddable":true,"href":"https:\/\/waldspurger.ch\/fr\/wp-json\/wp\/v2\/media\/79784"}],"wp:attachment":[{"href":"https:\/\/waldspurger.ch\/fr\/wp-json\/wp\/v2\/media?parent=79773"}],"wp:term":[{"taxonomy":"category","embeddable":true,"href":"https:\/\/waldspurger.ch\/fr\/wp-json\/wp\/v2\/categories?post=79773"},{"taxonomy":"post_tag","embeddable":true,"href":"https:\/\/waldspurger.ch\/fr\/wp-json\/wp\/v2\/tags?post=79773"}],"curies":[{"name":"wp","href":"https:\/\/api.w.org\/{rel}","templated":true}]}}