{"id":78234,"date":"2024-11-20T09:20:39","date_gmt":"2024-11-20T08:20:39","guid":{"rendered":"https:\/\/waldspurger.ch\/2024\/11\/20\/die-jugend-unsere-zukunft\/"},"modified":"2024-11-20T09:24:46","modified_gmt":"2024-11-20T08:24:46","slug":"la-jeunesse-notre-avenirdie-jugend-unsere-zukunft","status":"publish","type":"post","link":"https:\/\/waldspurger.ch\/fr\/2024\/11\/20\/la-jeunesse-notre-avenirdie-jugend-unsere-zukunft\/","title":{"rendered":"LA JEUNESSE, NOTRE AVENIR"},"content":{"rendered":"<div class=\"wpb-content-wrapper\"><p>[vc_row][vc_column][vc_column_text css=\u00a0\u00bb\u00a0\u00bb]<\/p>\n<h2>La jeunesse, notre avenir<\/h2>\n<p><a href=\"https:\/\/www.futurentousgenres.ch\/\" target=\"_blank\" rel=\"noopener\">La journ\u00e9e nationale Futur<\/a> en tous genres est une tradition depuis plus de 20 ans et invite les jeunes \u00e0 d\u00e9couvrir diff\u00e9rents m\u00e9tiers. Nous pensons qu\u2019il est important de leur montrer des univers professionnels divers et vari\u00e9s afin qu\u2019ils puissent trouver ce qui leur convient vraiment. En l\u2019occurrence, nous sommes heureux d\u2019avoir pu accueillir, cette ann\u00e9e aussi, deux adolescents dans nos ateliers \u00e0 Bergdietikon. Ils ont tout de suite mis la main \u00e0 la p\u00e2te et effectu\u00e9 eux-m\u00eames quelques petits travaux sous la direction experte de nos collaborateurs. Un grand merci \u00e0 notre personnel pour son engagement et aux jeunes pour leur int\u00e9r\u00eat. Et qui sait, ces jeunes seront peut-\u00eatre les professionnels de demain.[\/vc_column_text][vc_empty_space][\/vc_column][\/vc_row]<\/p>\n<\/div>","protected":false},"excerpt":{"rendered":"<p>La journ\u00e9e nationale Futur en tous genres est une tradition depuis plus de 20 ans et invite les jeunes \u00e0 d\u00e9couvrir diff\u00e9rents m\u00e9tiers. Nous pensons qu\u2019il est important de leur montrer des univers professionnels divers et vari\u00e9s afin qu\u2019ils puissent trouver ce qui leur convient vraiment.<\/p>\n","protected":false},"author":3,"featured_media":78221,"comment_status":"closed","ping_status":"open","sticky":false,"template":"","format":"standard","meta":{"footnotes":""},"categories":[192],"tags":[],"class_list":{"0":"post-78234","1":"post","2":"type-post","3":"status-publish","4":"format-standard","5":"has-post-thumbnail","7":"category-nouvelles"},"yoast_head":"<!-- This site is optimized with the Yoast SEO plugin v27.2 - https:\/\/yoast.com\/product\/yoast-seo-wordpress\/ -->\n<title>LA JEUNESSE, NOTRE AVENIR - Waldspurger SA<\/title>\n<meta name=\"robots\" content=\"index, follow, max-snippet:-1, max-image-preview:large, max-video-preview:-1\" \/>\n<link rel=\"canonical\" href=\"https:\/\/waldspurger.ch\/fr\/2024\/11\/20\/la-jeunesse-notre-avenirdie-jugend-unsere-zukunft\/\" \/>\n<meta property=\"og:locale\" content=\"fr_FR\" \/>\n<meta property=\"og:type\" content=\"article\" \/>\n<meta property=\"og:title\" content=\"LA JEUNESSE, NOTRE AVENIR - Waldspurger SA\" \/>\n<meta property=\"og:description\" content=\"La journ\u00e9e nationale Futur en tous genres est une tradition depuis plus de 20 ans et invite les jeunes \u00e0 d\u00e9couvrir diff\u00e9rents m\u00e9tiers. Nous pensons qu\u2019il est important de leur montrer des univers professionnels divers et vari\u00e9s afin qu\u2019ils puissent trouver ce qui leur convient vraiment.\" \/>\n<meta property=\"og:url\" content=\"https:\/\/waldspurger.ch\/fr\/2024\/11\/20\/la-jeunesse-notre-avenirdie-jugend-unsere-zukunft\/\" \/>\n<meta property=\"og:site_name\" content=\"Waldspurger SA\" \/>\n<meta property=\"article:published_time\" content=\"2024-11-20T08:20:39+00:00\" \/>\n<meta property=\"article:modified_time\" content=\"2024-11-20T08:24:46+00:00\" \/>\n<meta property=\"og:image\" content=\"https:\/\/waldspurger.ch\/wp-content\/uploads\/2024\/11\/Zukunftstag-2024_2.jpeg\" \/>\n\t<meta property=\"og:image:width\" content=\"2000\" \/>\n\t<meta property=\"og:image:height\" content=\"1126\" \/>\n\t<meta property=\"og:image:type\" content=\"image\/jpeg\" \/>\n<meta name=\"author\" content=\"Waldspurger\" \/>\n<meta name=\"twitter:card\" content=\"summary_large_image\" \/>\n<script type=\"application\/ld+json\" class=\"yoast-schema-graph\">{\"@context\":\"https:\/\/schema.org\",\"@graph\":[{\"@type\":\"Article\",\"@id\":\"https:\/\/waldspurger.ch\/fr\/2024\/11\/20\/la-jeunesse-notre-avenirdie-jugend-unsere-zukunft\/#article\",\"isPartOf\":{\"@id\":\"https:\/\/waldspurger.ch\/fr\/2024\/11\/20\/la-jeunesse-notre-avenirdie-jugend-unsere-zukunft\/\"},\"author\":{\"name\":\"Waldspurger\",\"@id\":\"https:\/\/waldspurger.ch\/fr\/#\/schema\/person\/4c966b003c74d38b54cdc578485c6ecc\"},\"headline\":\"LA JEUNESSE, NOTRE AVENIR\",\"datePublished\":\"2024-11-20T08:20:39+00:00\",\"dateModified\":\"2024-11-20T08:24:46+00:00\",\"mainEntityOfPage\":{\"@id\":\"https:\/\/waldspurger.ch\/fr\/2024\/11\/20\/la-jeunesse-notre-avenirdie-jugend-unsere-zukunft\/\"},\"wordCount\":150,\"publisher\":{\"@id\":\"https:\/\/waldspurger.ch\/fr\/#organization\"},\"image\":{\"@id\":\"https:\/\/waldspurger.ch\/fr\/2024\/11\/20\/la-jeunesse-notre-avenirdie-jugend-unsere-zukunft\/#primaryimage\"},\"thumbnailUrl\":\"https:\/\/waldspurger.ch\/wp-content\/uploads\/2024\/11\/Zukunftstag-2024_2.jpeg\",\"articleSection\":[\"Nouvelles\"],\"inLanguage\":\"fr-FR\"},{\"@type\":\"WebPage\",\"@id\":\"https:\/\/waldspurger.ch\/fr\/2024\/11\/20\/la-jeunesse-notre-avenirdie-jugend-unsere-zukunft\/\",\"url\":\"https:\/\/waldspurger.ch\/fr\/2024\/11\/20\/la-jeunesse-notre-avenirdie-jugend-unsere-zukunft\/\",\"name\":\"LA JEUNESSE, NOTRE AVENIR - Waldspurger SA\",\"isPartOf\":{\"@id\":\"https:\/\/waldspurger.ch\/fr\/#website\"},\"primaryImageOfPage\":{\"@id\":\"https:\/\/waldspurger.ch\/fr\/2024\/11\/20\/la-jeunesse-notre-avenirdie-jugend-unsere-zukunft\/#primaryimage\"},\"image\":{\"@id\":\"https:\/\/waldspurger.ch\/fr\/2024\/11\/20\/la-jeunesse-notre-avenirdie-jugend-unsere-zukunft\/#primaryimage\"},\"thumbnailUrl\":\"https:\/\/waldspurger.ch\/wp-content\/uploads\/2024\/11\/Zukunftstag-2024_2.jpeg\",\"datePublished\":\"2024-11-20T08:20:39+00:00\",\"dateModified\":\"2024-11-20T08:24:46+00:00\",\"breadcrumb\":{\"@id\":\"https:\/\/waldspurger.ch\/fr\/2024\/11\/20\/la-jeunesse-notre-avenirdie-jugend-unsere-zukunft\/#breadcrumb\"},\"inLanguage\":\"fr-FR\",\"potentialAction\":[{\"@type\":\"ReadAction\",\"target\":[\"https:\/\/waldspurger.ch\/fr\/2024\/11\/20\/la-jeunesse-notre-avenirdie-jugend-unsere-zukunft\/\"]}]},{\"@type\":\"ImageObject\",\"inLanguage\":\"fr-FR\",\"@id\":\"https:\/\/waldspurger.ch\/fr\/2024\/11\/20\/la-jeunesse-notre-avenirdie-jugend-unsere-zukunft\/#primaryimage\",\"url\":\"https:\/\/waldspurger.ch\/wp-content\/uploads\/2024\/11\/Zukunftstag-2024_2.jpeg\",\"contentUrl\":\"https:\/\/waldspurger.ch\/wp-content\/uploads\/2024\/11\/Zukunftstag-2024_2.jpeg\",\"width\":2000,\"height\":1126},{\"@type\":\"BreadcrumbList\",\"@id\":\"https:\/\/waldspurger.ch\/fr\/2024\/11\/20\/la-jeunesse-notre-avenirdie-jugend-unsere-zukunft\/#breadcrumb\",\"itemListElement\":[{\"@type\":\"ListItem\",\"position\":1,\"name\":\"Startseite\",\"item\":\"https:\/\/waldspurger.ch\/fr\/\"},{\"@type\":\"ListItem\",\"position\":2,\"name\":\"LA JEUNESSE, NOTRE AVENIR\"}]},{\"@type\":\"WebSite\",\"@id\":\"https:\/\/waldspurger.ch\/fr\/#website\",\"url\":\"https:\/\/waldspurger.ch\/fr\/\",\"name\":\"Waldspurger SA\",\"description\":\"Am\u00e9nagement\",\"publisher\":{\"@id\":\"https:\/\/waldspurger.ch\/fr\/#organization\"},\"potentialAction\":[{\"@type\":\"SearchAction\",\"target\":{\"@type\":\"EntryPoint\",\"urlTemplate\":\"https:\/\/waldspurger.ch\/fr\/?s={search_term_string}\"},\"query-input\":{\"@type\":\"PropertyValueSpecification\",\"valueRequired\":true,\"valueName\":\"search_term_string\"}}],\"inLanguage\":\"fr-FR\"},{\"@type\":\"Organization\",\"@id\":\"https:\/\/waldspurger.ch\/fr\/#organization\",\"name\":\"Waldspurger AG\",\"url\":\"https:\/\/waldspurger.ch\/fr\/\",\"logo\":{\"@type\":\"ImageObject\",\"inLanguage\":\"fr-FR\",\"@id\":\"https:\/\/waldspurger.ch\/fr\/#\/schema\/logo\/image\/\",\"url\":\"https:\/\/waldspurger.ch\/wp-content\/uploads\/2022\/02\/logo_de.png\",\"contentUrl\":\"https:\/\/waldspurger.ch\/wp-content\/uploads\/2022\/02\/logo_de.png\",\"width\":320,\"height\":223,\"caption\":\"Waldspurger AG\"},\"image\":{\"@id\":\"https:\/\/waldspurger.ch\/fr\/#\/schema\/logo\/image\/\"},\"sameAs\":[\"https:\/\/ch.linkedin.com\/company\/waldspurger-bergdietikon\",\"https:\/\/www.youtube.com\/channel\/UC4BYucVfPuWzNF4hyfO3YTw\"]},{\"@type\":\"Person\",\"@id\":\"https:\/\/waldspurger.ch\/fr\/#\/schema\/person\/4c966b003c74d38b54cdc578485c6ecc\",\"name\":\"Waldspurger\",\"image\":{\"@type\":\"ImageObject\",\"inLanguage\":\"fr-FR\",\"@id\":\"https:\/\/secure.gravatar.com\/avatar\/14d6ed141939fb31218bcc603f93e8bc56b100de4d6c172f084d419b39b85449?s=96&d=mm&r=g\",\"url\":\"https:\/\/secure.gravatar.com\/avatar\/14d6ed141939fb31218bcc603f93e8bc56b100de4d6c172f084d419b39b85449?s=96&d=mm&r=g\",\"contentUrl\":\"https:\/\/secure.gravatar.com\/avatar\/14d6ed141939fb31218bcc603f93e8bc56b100de4d6c172f084d419b39b85449?s=96&d=mm&r=g\",\"caption\":\"Waldspurger\"}}]}<\/script>\n<!-- \/ Yoast SEO plugin. -->","yoast_head_json":{"title":"LA JEUNESSE, NOTRE AVENIR - Waldspurger SA","robots":{"index":"index","follow":"follow","max-snippet":"max-snippet:-1","max-image-preview":"max-image-preview:large","max-video-preview":"max-video-preview:-1"},"canonical":"https:\/\/waldspurger.ch\/fr\/2024\/11\/20\/la-jeunesse-notre-avenirdie-jugend-unsere-zukunft\/","og_locale":"fr_FR","og_type":"article","og_title":"LA JEUNESSE, NOTRE AVENIR - Waldspurger SA","og_description":"La journ\u00e9e nationale Futur en tous genres est une tradition depuis plus de 20 ans et invite les jeunes \u00e0 d\u00e9couvrir diff\u00e9rents m\u00e9tiers. Nous pensons qu\u2019il est important de leur montrer des univers professionnels divers et vari\u00e9s afin qu\u2019ils puissent trouver ce qui leur convient vraiment.","og_url":"https:\/\/waldspurger.ch\/fr\/2024\/11\/20\/la-jeunesse-notre-avenirdie-jugend-unsere-zukunft\/","og_site_name":"Waldspurger SA","article_published_time":"2024-11-20T08:20:39+00:00","article_modified_time":"2024-11-20T08:24:46+00:00","og_image":[{"width":2000,"height":1126,"url":"https:\/\/waldspurger.ch\/wp-content\/uploads\/2024\/11\/Zukunftstag-2024_2.jpeg","type":"image\/jpeg"}],"author":"Waldspurger","twitter_card":"summary_large_image","schema":{"@context":"https:\/\/schema.org","@graph":[{"@type":"Article","@id":"https:\/\/waldspurger.ch\/fr\/2024\/11\/20\/la-jeunesse-notre-avenirdie-jugend-unsere-zukunft\/#article","isPartOf":{"@id":"https:\/\/waldspurger.ch\/fr\/2024\/11\/20\/la-jeunesse-notre-avenirdie-jugend-unsere-zukunft\/"},"author":{"name":"Waldspurger","@id":"https:\/\/waldspurger.ch\/fr\/#\/schema\/person\/4c966b003c74d38b54cdc578485c6ecc"},"headline":"LA JEUNESSE, NOTRE AVENIR","datePublished":"2024-11-20T08:20:39+00:00","dateModified":"2024-11-20T08:24:46+00:00","mainEntityOfPage":{"@id":"https:\/\/waldspurger.ch\/fr\/2024\/11\/20\/la-jeunesse-notre-avenirdie-jugend-unsere-zukunft\/"},"wordCount":150,"publisher":{"@id":"https:\/\/waldspurger.ch\/fr\/#organization"},"image":{"@id":"https:\/\/waldspurger.ch\/fr\/2024\/11\/20\/la-jeunesse-notre-avenirdie-jugend-unsere-zukunft\/#primaryimage"},"thumbnailUrl":"https:\/\/waldspurger.ch\/wp-content\/uploads\/2024\/11\/Zukunftstag-2024_2.jpeg","articleSection":["Nouvelles"],"inLanguage":"fr-FR"},{"@type":"WebPage","@id":"https:\/\/waldspurger.ch\/fr\/2024\/11\/20\/la-jeunesse-notre-avenirdie-jugend-unsere-zukunft\/","url":"https:\/\/waldspurger.ch\/fr\/2024\/11\/20\/la-jeunesse-notre-avenirdie-jugend-unsere-zukunft\/","name":"LA JEUNESSE, NOTRE AVENIR - Waldspurger SA","isPartOf":{"@id":"https:\/\/waldspurger.ch\/fr\/#website"},"primaryImageOfPage":{"@id":"https:\/\/waldspurger.ch\/fr\/2024\/11\/20\/la-jeunesse-notre-avenirdie-jugend-unsere-zukunft\/#primaryimage"},"image":{"@id":"https:\/\/waldspurger.ch\/fr\/2024\/11\/20\/la-jeunesse-notre-avenirdie-jugend-unsere-zukunft\/#primaryimage"},"thumbnailUrl":"https:\/\/waldspurger.ch\/wp-content\/uploads\/2024\/11\/Zukunftstag-2024_2.jpeg","datePublished":"2024-11-20T08:20:39+00:00","dateModified":"2024-11-20T08:24:46+00:00","breadcrumb":{"@id":"https:\/\/waldspurger.ch\/fr\/2024\/11\/20\/la-jeunesse-notre-avenirdie-jugend-unsere-zukunft\/#breadcrumb"},"inLanguage":"fr-FR","potentialAction":[{"@type":"ReadAction","target":["https:\/\/waldspurger.ch\/fr\/2024\/11\/20\/la-jeunesse-notre-avenirdie-jugend-unsere-zukunft\/"]}]},{"@type":"ImageObject","inLanguage":"fr-FR","@id":"https:\/\/waldspurger.ch\/fr\/2024\/11\/20\/la-jeunesse-notre-avenirdie-jugend-unsere-zukunft\/#primaryimage","url":"https:\/\/waldspurger.ch\/wp-content\/uploads\/2024\/11\/Zukunftstag-2024_2.jpeg","contentUrl":"https:\/\/waldspurger.ch\/wp-content\/uploads\/2024\/11\/Zukunftstag-2024_2.jpeg","width":2000,"height":1126},{"@type":"BreadcrumbList","@id":"https:\/\/waldspurger.ch\/fr\/2024\/11\/20\/la-jeunesse-notre-avenirdie-jugend-unsere-zukunft\/#breadcrumb","itemListElement":[{"@type":"ListItem","position":1,"name":"Startseite","item":"https:\/\/waldspurger.ch\/fr\/"},{"@type":"ListItem","position":2,"name":"LA JEUNESSE, NOTRE AVENIR"}]},{"@type":"WebSite","@id":"https:\/\/waldspurger.ch\/fr\/#website","url":"https:\/\/waldspurger.ch\/fr\/","name":"Waldspurger SA","description":"Am\u00e9nagement","publisher":{"@id":"https:\/\/waldspurger.ch\/fr\/#organization"},"potentialAction":[{"@type":"SearchAction","target":{"@type":"EntryPoint","urlTemplate":"https:\/\/waldspurger.ch\/fr\/?s={search_term_string}"},"query-input":{"@type":"PropertyValueSpecification","valueRequired":true,"valueName":"search_term_string"}}],"inLanguage":"fr-FR"},{"@type":"Organization","@id":"https:\/\/waldspurger.ch\/fr\/#organization","name":"Waldspurger AG","url":"https:\/\/waldspurger.ch\/fr\/","logo":{"@type":"ImageObject","inLanguage":"fr-FR","@id":"https:\/\/waldspurger.ch\/fr\/#\/schema\/logo\/image\/","url":"https:\/\/waldspurger.ch\/wp-content\/uploads\/2022\/02\/logo_de.png","contentUrl":"https:\/\/waldspurger.ch\/wp-content\/uploads\/2022\/02\/logo_de.png","width":320,"height":223,"caption":"Waldspurger AG"},"image":{"@id":"https:\/\/waldspurger.ch\/fr\/#\/schema\/logo\/image\/"},"sameAs":["https:\/\/ch.linkedin.com\/company\/waldspurger-bergdietikon","https:\/\/www.youtube.com\/channel\/UC4BYucVfPuWzNF4hyfO3YTw"]},{"@type":"Person","@id":"https:\/\/waldspurger.ch\/fr\/#\/schema\/person\/4c966b003c74d38b54cdc578485c6ecc","name":"Waldspurger","image":{"@type":"ImageObject","inLanguage":"fr-FR","@id":"https:\/\/secure.gravatar.com\/avatar\/14d6ed141939fb31218bcc603f93e8bc56b100de4d6c172f084d419b39b85449?s=96&d=mm&r=g","url":"https:\/\/secure.gravatar.com\/avatar\/14d6ed141939fb31218bcc603f93e8bc56b100de4d6c172f084d419b39b85449?s=96&d=mm&r=g","contentUrl":"https:\/\/secure.gravatar.com\/avatar\/14d6ed141939fb31218bcc603f93e8bc56b100de4d6c172f084d419b39b85449?s=96&d=mm&r=g","caption":"Waldspurger"}}]}},"menu_order":0,"_links":{"self":[{"href":"https:\/\/waldspurger.ch\/fr\/wp-json\/wp\/v2\/posts\/78234","targetHints":{"allow":["GET"]}}],"collection":[{"href":"https:\/\/waldspurger.ch\/fr\/wp-json\/wp\/v2\/posts"}],"about":[{"href":"https:\/\/waldspurger.ch\/fr\/wp-json\/wp\/v2\/types\/post"}],"author":[{"embeddable":true,"href":"https:\/\/waldspurger.ch\/fr\/wp-json\/wp\/v2\/users\/3"}],"replies":[{"embeddable":true,"href":"https:\/\/waldspurger.ch\/fr\/wp-json\/wp\/v2\/comments?post=78234"}],"version-history":[{"count":2,"href":"https:\/\/waldspurger.ch\/fr\/wp-json\/wp\/v2\/posts\/78234\/revisions"}],"predecessor-version":[{"id":78237,"href":"https:\/\/waldspurger.ch\/fr\/wp-json\/wp\/v2\/posts\/78234\/revisions\/78237"}],"wp:featuredmedia":[{"embeddable":true,"href":"https:\/\/waldspurger.ch\/fr\/wp-json\/wp\/v2\/media\/78221"}],"wp:attachment":[{"href":"https:\/\/waldspurger.ch\/fr\/wp-json\/wp\/v2\/media?parent=78234"}],"wp:term":[{"taxonomy":"category","embeddable":true,"href":"https:\/\/waldspurger.ch\/fr\/wp-json\/wp\/v2\/categories?post=78234"},{"taxonomy":"post_tag","embeddable":true,"href":"https:\/\/waldspurger.ch\/fr\/wp-json\/wp\/v2\/tags?post=78234"}],"curies":[{"name":"wp","href":"https:\/\/api.w.org\/{rel}","templated":true}]}}