{"id":41597,"date":"2022-07-15T11:29:55","date_gmt":"2022-07-15T09:29:55","guid":{"rendered":"https:\/\/waldspurger.ch\/2022\/07\/15\/fuer-einmal-vor-der-kamera\/"},"modified":"2022-07-15T11:35:00","modified_gmt":"2022-07-15T09:35:00","slug":"pour-une-fois-devant-la-camera","status":"publish","type":"post","link":"https:\/\/waldspurger.ch\/fr\/2022\/07\/15\/pour-une-fois-devant-la-camera\/","title":{"rendered":"POUR UNE FOIS, DEVANT LA CAM\u00c9RA"},"content":{"rendered":"<div class=\"wpb-content-wrapper\"><p>[vc_row][vc_column][vc_column_text]<\/p>\n<h2>Pour une fois, devant la cam\u00e9ra<\/h2>\n<p>Nous nous effor\u00e7ons toujours de mettre \u00e0 votre disposition des informations qui vous aideront \u00e0 r\u00e9aliser vos id\u00e9es d&rsquo;am\u00e9nagement. Pour nos diff\u00e9rentes publications, il faut bien s\u00fbr des images r\u00e9centes, car comme on dit : une image vaut mille mots. C&rsquo;est pourquoi, durant l&rsquo;espace de quelques heures, notre atelier a \u00e9t\u00e9 transform\u00e9 en studio photo. Les membres de notre \u00e9quipe ont jou\u00e9 les top mod\u00e8les ou assist\u00e9 le photographe pour bien mettre en lumi\u00e8re nos diff\u00e9rentes options d\u2019am\u00e9nagement.[\/vc_column_text][vc_empty_space][\/vc_column][\/vc_row]<\/p>\n<\/div>","protected":false},"excerpt":{"rendered":"<p>Nous nous effor\u00e7ons toujours de mettre \u00e0 votre disposition des informations qui vous aideront \u00e0 r\u00e9aliser vos id\u00e9es d&rsquo;am\u00e9nagement. Pour nos diff\u00e9rentes publications, il faut bien s\u00fbr des images r\u00e9centes, car comme on dit : une image vaut mille mots.<\/p>\n","protected":false},"author":3,"featured_media":41593,"comment_status":"closed","ping_status":"open","sticky":false,"template":"","format":"standard","meta":{"footnotes":""},"categories":[192],"tags":[],"class_list":{"0":"post-41597","1":"post","2":"type-post","3":"status-publish","4":"format-standard","5":"has-post-thumbnail","7":"category-nouvelles"},"yoast_head":"<!-- This site is optimized with the Yoast SEO plugin v27.2 - https:\/\/yoast.com\/product\/yoast-seo-wordpress\/ -->\n<title>POUR UNE FOIS, DEVANT LA CAM\u00c9RA - Waldspurger SA<\/title>\n<meta name=\"robots\" content=\"index, follow, max-snippet:-1, max-image-preview:large, max-video-preview:-1\" \/>\n<link rel=\"canonical\" href=\"https:\/\/waldspurger.ch\/fr\/2022\/07\/15\/pour-une-fois-devant-la-camera\/\" \/>\n<meta property=\"og:locale\" content=\"fr_FR\" \/>\n<meta property=\"og:type\" content=\"article\" \/>\n<meta property=\"og:title\" content=\"POUR UNE FOIS, DEVANT LA CAM\u00c9RA - Waldspurger SA\" \/>\n<meta property=\"og:description\" content=\"Nous nous effor\u00e7ons toujours de mettre \u00e0 votre disposition des informations qui vous aideront \u00e0 r\u00e9aliser vos id\u00e9es d&#039;am\u00e9nagement. Pour nos diff\u00e9rentes publications, il faut bien s\u00fbr des images r\u00e9centes, car comme on dit : une image vaut mille mots.\" \/>\n<meta property=\"og:url\" content=\"https:\/\/waldspurger.ch\/fr\/2022\/07\/15\/pour-une-fois-devant-la-camera\/\" \/>\n<meta property=\"og:site_name\" content=\"Waldspurger SA\" \/>\n<meta property=\"article:published_time\" content=\"2022-07-15T09:29:55+00:00\" \/>\n<meta property=\"article:modified_time\" content=\"2022-07-15T09:35:00+00:00\" \/>\n<meta property=\"og:image\" content=\"https:\/\/waldspurger.ch\/wp-content\/uploads\/2022\/07\/Textblock-I-Making-of-scaled.jpg\" \/>\n\t<meta property=\"og:image:width\" content=\"2560\" \/>\n\t<meta property=\"og:image:height\" content=\"1707\" \/>\n\t<meta property=\"og:image:type\" content=\"image\/jpeg\" \/>\n<meta name=\"author\" content=\"Waldspurger\" \/>\n<meta name=\"twitter:card\" content=\"summary_large_image\" \/>\n<script type=\"application\/ld+json\" class=\"yoast-schema-graph\">{\"@context\":\"https:\/\/schema.org\",\"@graph\":[{\"@type\":\"Article\",\"@id\":\"https:\/\/waldspurger.ch\/fr\/2022\/07\/15\/pour-une-fois-devant-la-camera\/#article\",\"isPartOf\":{\"@id\":\"https:\/\/waldspurger.ch\/fr\/2022\/07\/15\/pour-une-fois-devant-la-camera\/\"},\"author\":{\"name\":\"Waldspurger\",\"@id\":\"https:\/\/waldspurger.ch\/fr\/#\/schema\/person\/4c966b003c74d38b54cdc578485c6ecc\"},\"headline\":\"POUR UNE FOIS, DEVANT LA CAM\u00c9RA\",\"datePublished\":\"2022-07-15T09:29:55+00:00\",\"dateModified\":\"2022-07-15T09:35:00+00:00\",\"mainEntityOfPage\":{\"@id\":\"https:\/\/waldspurger.ch\/fr\/2022\/07\/15\/pour-une-fois-devant-la-camera\/\"},\"wordCount\":121,\"publisher\":{\"@id\":\"https:\/\/waldspurger.ch\/fr\/#organization\"},\"image\":{\"@id\":\"https:\/\/waldspurger.ch\/fr\/2022\/07\/15\/pour-une-fois-devant-la-camera\/#primaryimage\"},\"thumbnailUrl\":\"https:\/\/waldspurger.ch\/wp-content\/uploads\/2022\/07\/Textblock-I-Making-of-scaled.jpg\",\"articleSection\":[\"Nouvelles\"],\"inLanguage\":\"fr-FR\"},{\"@type\":\"WebPage\",\"@id\":\"https:\/\/waldspurger.ch\/fr\/2022\/07\/15\/pour-une-fois-devant-la-camera\/\",\"url\":\"https:\/\/waldspurger.ch\/fr\/2022\/07\/15\/pour-une-fois-devant-la-camera\/\",\"name\":\"POUR UNE FOIS, DEVANT LA CAM\u00c9RA - Waldspurger SA\",\"isPartOf\":{\"@id\":\"https:\/\/waldspurger.ch\/fr\/#website\"},\"primaryImageOfPage\":{\"@id\":\"https:\/\/waldspurger.ch\/fr\/2022\/07\/15\/pour-une-fois-devant-la-camera\/#primaryimage\"},\"image\":{\"@id\":\"https:\/\/waldspurger.ch\/fr\/2022\/07\/15\/pour-une-fois-devant-la-camera\/#primaryimage\"},\"thumbnailUrl\":\"https:\/\/waldspurger.ch\/wp-content\/uploads\/2022\/07\/Textblock-I-Making-of-scaled.jpg\",\"datePublished\":\"2022-07-15T09:29:55+00:00\",\"dateModified\":\"2022-07-15T09:35:00+00:00\",\"breadcrumb\":{\"@id\":\"https:\/\/waldspurger.ch\/fr\/2022\/07\/15\/pour-une-fois-devant-la-camera\/#breadcrumb\"},\"inLanguage\":\"fr-FR\",\"potentialAction\":[{\"@type\":\"ReadAction\",\"target\":[\"https:\/\/waldspurger.ch\/fr\/2022\/07\/15\/pour-une-fois-devant-la-camera\/\"]}]},{\"@type\":\"ImageObject\",\"inLanguage\":\"fr-FR\",\"@id\":\"https:\/\/waldspurger.ch\/fr\/2022\/07\/15\/pour-une-fois-devant-la-camera\/#primaryimage\",\"url\":\"https:\/\/waldspurger.ch\/wp-content\/uploads\/2022\/07\/Textblock-I-Making-of-scaled.jpg\",\"contentUrl\":\"https:\/\/waldspurger.ch\/wp-content\/uploads\/2022\/07\/Textblock-I-Making-of-scaled.jpg\",\"width\":2560,\"height\":1707},{\"@type\":\"BreadcrumbList\",\"@id\":\"https:\/\/waldspurger.ch\/fr\/2022\/07\/15\/pour-une-fois-devant-la-camera\/#breadcrumb\",\"itemListElement\":[{\"@type\":\"ListItem\",\"position\":1,\"name\":\"Startseite\",\"item\":\"https:\/\/waldspurger.ch\/fr\/\"},{\"@type\":\"ListItem\",\"position\":2,\"name\":\"POUR UNE FOIS, DEVANT LA CAM\u00c9RA\"}]},{\"@type\":\"WebSite\",\"@id\":\"https:\/\/waldspurger.ch\/fr\/#website\",\"url\":\"https:\/\/waldspurger.ch\/fr\/\",\"name\":\"Waldspurger SA\",\"description\":\"Am\u00e9nagement\",\"publisher\":{\"@id\":\"https:\/\/waldspurger.ch\/fr\/#organization\"},\"potentialAction\":[{\"@type\":\"SearchAction\",\"target\":{\"@type\":\"EntryPoint\",\"urlTemplate\":\"https:\/\/waldspurger.ch\/fr\/?s={search_term_string}\"},\"query-input\":{\"@type\":\"PropertyValueSpecification\",\"valueRequired\":true,\"valueName\":\"search_term_string\"}}],\"inLanguage\":\"fr-FR\"},{\"@type\":\"Organization\",\"@id\":\"https:\/\/waldspurger.ch\/fr\/#organization\",\"name\":\"Waldspurger AG\",\"url\":\"https:\/\/waldspurger.ch\/fr\/\",\"logo\":{\"@type\":\"ImageObject\",\"inLanguage\":\"fr-FR\",\"@id\":\"https:\/\/waldspurger.ch\/fr\/#\/schema\/logo\/image\/\",\"url\":\"https:\/\/waldspurger.ch\/wp-content\/uploads\/2022\/02\/logo_de.png\",\"contentUrl\":\"https:\/\/waldspurger.ch\/wp-content\/uploads\/2022\/02\/logo_de.png\",\"width\":320,\"height\":223,\"caption\":\"Waldspurger AG\"},\"image\":{\"@id\":\"https:\/\/waldspurger.ch\/fr\/#\/schema\/logo\/image\/\"},\"sameAs\":[\"https:\/\/ch.linkedin.com\/company\/waldspurger-bergdietikon\",\"https:\/\/www.youtube.com\/channel\/UC4BYucVfPuWzNF4hyfO3YTw\"]},{\"@type\":\"Person\",\"@id\":\"https:\/\/waldspurger.ch\/fr\/#\/schema\/person\/4c966b003c74d38b54cdc578485c6ecc\",\"name\":\"Waldspurger\",\"image\":{\"@type\":\"ImageObject\",\"inLanguage\":\"fr-FR\",\"@id\":\"https:\/\/secure.gravatar.com\/avatar\/14d6ed141939fb31218bcc603f93e8bc56b100de4d6c172f084d419b39b85449?s=96&d=mm&r=g\",\"url\":\"https:\/\/secure.gravatar.com\/avatar\/14d6ed141939fb31218bcc603f93e8bc56b100de4d6c172f084d419b39b85449?s=96&d=mm&r=g\",\"contentUrl\":\"https:\/\/secure.gravatar.com\/avatar\/14d6ed141939fb31218bcc603f93e8bc56b100de4d6c172f084d419b39b85449?s=96&d=mm&r=g\",\"caption\":\"Waldspurger\"}}]}<\/script>\n<!-- \/ Yoast SEO plugin. -->","yoast_head_json":{"title":"POUR UNE FOIS, DEVANT LA CAM\u00c9RA - Waldspurger SA","robots":{"index":"index","follow":"follow","max-snippet":"max-snippet:-1","max-image-preview":"max-image-preview:large","max-video-preview":"max-video-preview:-1"},"canonical":"https:\/\/waldspurger.ch\/fr\/2022\/07\/15\/pour-une-fois-devant-la-camera\/","og_locale":"fr_FR","og_type":"article","og_title":"POUR UNE FOIS, DEVANT LA CAM\u00c9RA - Waldspurger SA","og_description":"Nous nous effor\u00e7ons toujours de mettre \u00e0 votre disposition des informations qui vous aideront \u00e0 r\u00e9aliser vos id\u00e9es d'am\u00e9nagement. Pour nos diff\u00e9rentes publications, il faut bien s\u00fbr des images r\u00e9centes, car comme on dit : une image vaut mille mots.","og_url":"https:\/\/waldspurger.ch\/fr\/2022\/07\/15\/pour-une-fois-devant-la-camera\/","og_site_name":"Waldspurger SA","article_published_time":"2022-07-15T09:29:55+00:00","article_modified_time":"2022-07-15T09:35:00+00:00","og_image":[{"width":2560,"height":1707,"url":"https:\/\/waldspurger.ch\/wp-content\/uploads\/2022\/07\/Textblock-I-Making-of-scaled.jpg","type":"image\/jpeg"}],"author":"Waldspurger","twitter_card":"summary_large_image","schema":{"@context":"https:\/\/schema.org","@graph":[{"@type":"Article","@id":"https:\/\/waldspurger.ch\/fr\/2022\/07\/15\/pour-une-fois-devant-la-camera\/#article","isPartOf":{"@id":"https:\/\/waldspurger.ch\/fr\/2022\/07\/15\/pour-une-fois-devant-la-camera\/"},"author":{"name":"Waldspurger","@id":"https:\/\/waldspurger.ch\/fr\/#\/schema\/person\/4c966b003c74d38b54cdc578485c6ecc"},"headline":"POUR UNE FOIS, DEVANT LA CAM\u00c9RA","datePublished":"2022-07-15T09:29:55+00:00","dateModified":"2022-07-15T09:35:00+00:00","mainEntityOfPage":{"@id":"https:\/\/waldspurger.ch\/fr\/2022\/07\/15\/pour-une-fois-devant-la-camera\/"},"wordCount":121,"publisher":{"@id":"https:\/\/waldspurger.ch\/fr\/#organization"},"image":{"@id":"https:\/\/waldspurger.ch\/fr\/2022\/07\/15\/pour-une-fois-devant-la-camera\/#primaryimage"},"thumbnailUrl":"https:\/\/waldspurger.ch\/wp-content\/uploads\/2022\/07\/Textblock-I-Making-of-scaled.jpg","articleSection":["Nouvelles"],"inLanguage":"fr-FR"},{"@type":"WebPage","@id":"https:\/\/waldspurger.ch\/fr\/2022\/07\/15\/pour-une-fois-devant-la-camera\/","url":"https:\/\/waldspurger.ch\/fr\/2022\/07\/15\/pour-une-fois-devant-la-camera\/","name":"POUR UNE FOIS, DEVANT LA CAM\u00c9RA - Waldspurger SA","isPartOf":{"@id":"https:\/\/waldspurger.ch\/fr\/#website"},"primaryImageOfPage":{"@id":"https:\/\/waldspurger.ch\/fr\/2022\/07\/15\/pour-une-fois-devant-la-camera\/#primaryimage"},"image":{"@id":"https:\/\/waldspurger.ch\/fr\/2022\/07\/15\/pour-une-fois-devant-la-camera\/#primaryimage"},"thumbnailUrl":"https:\/\/waldspurger.ch\/wp-content\/uploads\/2022\/07\/Textblock-I-Making-of-scaled.jpg","datePublished":"2022-07-15T09:29:55+00:00","dateModified":"2022-07-15T09:35:00+00:00","breadcrumb":{"@id":"https:\/\/waldspurger.ch\/fr\/2022\/07\/15\/pour-une-fois-devant-la-camera\/#breadcrumb"},"inLanguage":"fr-FR","potentialAction":[{"@type":"ReadAction","target":["https:\/\/waldspurger.ch\/fr\/2022\/07\/15\/pour-une-fois-devant-la-camera\/"]}]},{"@type":"ImageObject","inLanguage":"fr-FR","@id":"https:\/\/waldspurger.ch\/fr\/2022\/07\/15\/pour-une-fois-devant-la-camera\/#primaryimage","url":"https:\/\/waldspurger.ch\/wp-content\/uploads\/2022\/07\/Textblock-I-Making-of-scaled.jpg","contentUrl":"https:\/\/waldspurger.ch\/wp-content\/uploads\/2022\/07\/Textblock-I-Making-of-scaled.jpg","width":2560,"height":1707},{"@type":"BreadcrumbList","@id":"https:\/\/waldspurger.ch\/fr\/2022\/07\/15\/pour-une-fois-devant-la-camera\/#breadcrumb","itemListElement":[{"@type":"ListItem","position":1,"name":"Startseite","item":"https:\/\/waldspurger.ch\/fr\/"},{"@type":"ListItem","position":2,"name":"POUR UNE FOIS, DEVANT LA CAM\u00c9RA"}]},{"@type":"WebSite","@id":"https:\/\/waldspurger.ch\/fr\/#website","url":"https:\/\/waldspurger.ch\/fr\/","name":"Waldspurger SA","description":"Am\u00e9nagement","publisher":{"@id":"https:\/\/waldspurger.ch\/fr\/#organization"},"potentialAction":[{"@type":"SearchAction","target":{"@type":"EntryPoint","urlTemplate":"https:\/\/waldspurger.ch\/fr\/?s={search_term_string}"},"query-input":{"@type":"PropertyValueSpecification","valueRequired":true,"valueName":"search_term_string"}}],"inLanguage":"fr-FR"},{"@type":"Organization","@id":"https:\/\/waldspurger.ch\/fr\/#organization","name":"Waldspurger AG","url":"https:\/\/waldspurger.ch\/fr\/","logo":{"@type":"ImageObject","inLanguage":"fr-FR","@id":"https:\/\/waldspurger.ch\/fr\/#\/schema\/logo\/image\/","url":"https:\/\/waldspurger.ch\/wp-content\/uploads\/2022\/02\/logo_de.png","contentUrl":"https:\/\/waldspurger.ch\/wp-content\/uploads\/2022\/02\/logo_de.png","width":320,"height":223,"caption":"Waldspurger AG"},"image":{"@id":"https:\/\/waldspurger.ch\/fr\/#\/schema\/logo\/image\/"},"sameAs":["https:\/\/ch.linkedin.com\/company\/waldspurger-bergdietikon","https:\/\/www.youtube.com\/channel\/UC4BYucVfPuWzNF4hyfO3YTw"]},{"@type":"Person","@id":"https:\/\/waldspurger.ch\/fr\/#\/schema\/person\/4c966b003c74d38b54cdc578485c6ecc","name":"Waldspurger","image":{"@type":"ImageObject","inLanguage":"fr-FR","@id":"https:\/\/secure.gravatar.com\/avatar\/14d6ed141939fb31218bcc603f93e8bc56b100de4d6c172f084d419b39b85449?s=96&d=mm&r=g","url":"https:\/\/secure.gravatar.com\/avatar\/14d6ed141939fb31218bcc603f93e8bc56b100de4d6c172f084d419b39b85449?s=96&d=mm&r=g","contentUrl":"https:\/\/secure.gravatar.com\/avatar\/14d6ed141939fb31218bcc603f93e8bc56b100de4d6c172f084d419b39b85449?s=96&d=mm&r=g","caption":"Waldspurger"}}]}},"menu_order":0,"_links":{"self":[{"href":"https:\/\/waldspurger.ch\/fr\/wp-json\/wp\/v2\/posts\/41597","targetHints":{"allow":["GET"]}}],"collection":[{"href":"https:\/\/waldspurger.ch\/fr\/wp-json\/wp\/v2\/posts"}],"about":[{"href":"https:\/\/waldspurger.ch\/fr\/wp-json\/wp\/v2\/types\/post"}],"author":[{"embeddable":true,"href":"https:\/\/waldspurger.ch\/fr\/wp-json\/wp\/v2\/users\/3"}],"replies":[{"embeddable":true,"href":"https:\/\/waldspurger.ch\/fr\/wp-json\/wp\/v2\/comments?post=41597"}],"version-history":[{"count":0,"href":"https:\/\/waldspurger.ch\/fr\/wp-json\/wp\/v2\/posts\/41597\/revisions"}],"wp:featuredmedia":[{"embeddable":true,"href":"https:\/\/waldspurger.ch\/fr\/wp-json\/wp\/v2\/media\/41593"}],"wp:attachment":[{"href":"https:\/\/waldspurger.ch\/fr\/wp-json\/wp\/v2\/media?parent=41597"}],"wp:term":[{"taxonomy":"category","embeddable":true,"href":"https:\/\/waldspurger.ch\/fr\/wp-json\/wp\/v2\/categories?post=41597"},{"taxonomy":"post_tag","embeddable":true,"href":"https:\/\/waldspurger.ch\/fr\/wp-json\/wp\/v2\/tags?post=41597"}],"curies":[{"name":"wp","href":"https:\/\/api.w.org\/{rel}","templated":true}]}}