{"id":41123,"date":"2022-05-03T07:46:38","date_gmt":"2022-05-03T05:46:38","guid":{"rendered":"https:\/\/waldspurger.ch\/2022\/05\/03\/vw-haendler-zu-gast-in-bergdietikon\/"},"modified":"2022-06-03T13:18:11","modified_gmt":"2022-06-03T11:18:11","slug":"concessionnaires-vw-invites-a-bergdietikon","status":"publish","type":"post","link":"https:\/\/waldspurger.ch\/fr\/2022\/05\/03\/concessionnaires-vw-invites-a-bergdietikon\/","title":{"rendered":"Concessionnaires VW invit\u00e9s \u00e0 Bergdietikon"},"content":{"rendered":"<div class=\"wpb-content-wrapper\"><p>[vc_row][vc_column][vc_column_text]<\/p>\n<h2>Concessionnaires VW invit\u00e9s \u00e0 Bergdietikon<\/h2>\n<p>Fin avril, nous avons eu le plaisir d\u2019accueillir un groupe de concessionnaires de v\u00e9hicules utilitaires VW chez nous \u00e0 Bergdietikon. D\u00e8s leur arriv\u00e9e t\u00f4t le matin, les invit\u00e9s ont eu l\u2019occasion de faire connaissance autour d\u2019une tasse de caf\u00e9 et de croissants. Au moyen d\u2019une pr\u00e9sentation dans notre salle de formation, Waldspurger SA leur a donn\u00e9 un aper\u00e7u de l&rsquo;entreprise et du portefeuille de produits. Apr\u00e8s une petite pause dont non seulement les invit\u00e9s mais aussi les employ\u00e9s de Waldspurger SA ont profit\u00e9 pour des discussions int\u00e9ressantes, les concessionnaires ont pu s\u2019informer dans nos ateliers sur les options d\u2019am\u00e9nagement et d\u2019\u00e9quipement et examiner les diff\u00e9rentes possibilit\u00e9s directement sur les v\u00e9hicules. C&rsquo;est toujours un grand plaisir pour nous d\u2019accueillir des personnes int\u00e9ress\u00e9es \u00e0 notre si\u00e8ge d\u2019entreprise. Nous en profitons volontiers pour parler m\u00e9tier et appr\u00e9cions d&rsquo;avoir l\u2019occasion d\u2019apprendre de premi\u00e8re main quelles sont les exigences de nos clientes et clients. Nous remercions toutes les personnes qui ont pris le temps pour cet \u00e9change d\u2019exp\u00e9rience et nous nous r\u00e9jouissons d\u2019ores et d\u00e9j\u00e0 de notre prochaine rencontre.[\/vc_column_text][vc_empty_space][\/vc_column][\/vc_row]<\/p>\n<\/div>","protected":false},"excerpt":{"rendered":"<p>Fin avril, nous avons eu le plaisir d\u2019accueillir un groupe de concessionnaires de v\u00e9hicules utilitaires VW chez nous \u00e0 Bergdietikon. Nous en profitons volontiers pour parler m\u00e9tier et appr\u00e9cions d&rsquo;avoir l\u2019occasion d\u2019apprendre de premi\u00e8re main quelles sont les exigences de nos clientes et clients.<\/p>\n","protected":false},"author":3,"featured_media":41117,"comment_status":"closed","ping_status":"open","sticky":false,"template":"","format":"standard","meta":{"footnotes":""},"categories":[192],"tags":[],"class_list":{"0":"post-41123","1":"post","2":"type-post","3":"status-publish","4":"format-standard","5":"has-post-thumbnail","7":"category-nouvelles"},"yoast_head":"<!-- This site is optimized with the Yoast SEO plugin v27.2 - https:\/\/yoast.com\/product\/yoast-seo-wordpress\/ -->\n<title>Concessionnaires VW invit\u00e9s \u00e0 Bergdietikon - Waldspurger SA<\/title>\n<meta name=\"robots\" content=\"index, follow, max-snippet:-1, max-image-preview:large, max-video-preview:-1\" \/>\n<link rel=\"canonical\" href=\"https:\/\/waldspurger.ch\/fr\/2022\/05\/03\/concessionnaires-vw-invites-a-bergdietikon\/\" \/>\n<meta property=\"og:locale\" content=\"fr_FR\" \/>\n<meta property=\"og:type\" content=\"article\" \/>\n<meta property=\"og:title\" content=\"Concessionnaires VW invit\u00e9s \u00e0 Bergdietikon - Waldspurger SA\" \/>\n<meta property=\"og:description\" content=\"Fin avril, nous avons eu le plaisir d\u2019accueillir un groupe de concessionnaires de v\u00e9hicules utilitaires VW chez nous \u00e0 Bergdietikon. Nous en profitons volontiers pour parler m\u00e9tier et appr\u00e9cions d&#039;avoir l\u2019occasion d\u2019apprendre de premi\u00e8re main quelles sont les exigences de nos clientes et clients.\" \/>\n<meta property=\"og:url\" content=\"https:\/\/waldspurger.ch\/fr\/2022\/05\/03\/concessionnaires-vw-invites-a-bergdietikon\/\" \/>\n<meta property=\"og:site_name\" content=\"Waldspurger SA\" \/>\n<meta property=\"article:published_time\" content=\"2022-05-03T05:46:38+00:00\" \/>\n<meta property=\"article:modified_time\" content=\"2022-06-03T11:18:11+00:00\" \/>\n<meta property=\"og:image\" content=\"https:\/\/waldspurger.ch\/wp-content\/uploads\/2022\/05\/20220503_VW-Event-scaled.jpg\" \/>\n\t<meta property=\"og:image:width\" content=\"2560\" \/>\n\t<meta property=\"og:image:height\" content=\"1706\" \/>\n\t<meta property=\"og:image:type\" content=\"image\/jpeg\" \/>\n<meta name=\"author\" content=\"Waldspurger\" \/>\n<meta name=\"twitter:card\" content=\"summary_large_image\" \/>\n<script type=\"application\/ld+json\" class=\"yoast-schema-graph\">{\"@context\":\"https:\/\/schema.org\",\"@graph\":[{\"@type\":\"Article\",\"@id\":\"https:\/\/waldspurger.ch\/fr\/2022\/05\/03\/concessionnaires-vw-invites-a-bergdietikon\/#article\",\"isPartOf\":{\"@id\":\"https:\/\/waldspurger.ch\/fr\/2022\/05\/03\/concessionnaires-vw-invites-a-bergdietikon\/\"},\"author\":{\"name\":\"Waldspurger\",\"@id\":\"https:\/\/waldspurger.ch\/fr\/#\/schema\/person\/4c966b003c74d38b54cdc578485c6ecc\"},\"headline\":\"Concessionnaires VW invit\u00e9s \u00e0 Bergdietikon\",\"datePublished\":\"2022-05-03T05:46:38+00:00\",\"dateModified\":\"2022-06-03T11:18:11+00:00\",\"mainEntityOfPage\":{\"@id\":\"https:\/\/waldspurger.ch\/fr\/2022\/05\/03\/concessionnaires-vw-invites-a-bergdietikon\/\"},\"wordCount\":239,\"publisher\":{\"@id\":\"https:\/\/waldspurger.ch\/fr\/#organization\"},\"image\":{\"@id\":\"https:\/\/waldspurger.ch\/fr\/2022\/05\/03\/concessionnaires-vw-invites-a-bergdietikon\/#primaryimage\"},\"thumbnailUrl\":\"https:\/\/waldspurger.ch\/wp-content\/uploads\/2022\/05\/20220503_VW-Event-scaled.jpg\",\"articleSection\":[\"Nouvelles\"],\"inLanguage\":\"fr-FR\"},{\"@type\":\"WebPage\",\"@id\":\"https:\/\/waldspurger.ch\/fr\/2022\/05\/03\/concessionnaires-vw-invites-a-bergdietikon\/\",\"url\":\"https:\/\/waldspurger.ch\/fr\/2022\/05\/03\/concessionnaires-vw-invites-a-bergdietikon\/\",\"name\":\"Concessionnaires VW invit\u00e9s \u00e0 Bergdietikon - Waldspurger SA\",\"isPartOf\":{\"@id\":\"https:\/\/waldspurger.ch\/fr\/#website\"},\"primaryImageOfPage\":{\"@id\":\"https:\/\/waldspurger.ch\/fr\/2022\/05\/03\/concessionnaires-vw-invites-a-bergdietikon\/#primaryimage\"},\"image\":{\"@id\":\"https:\/\/waldspurger.ch\/fr\/2022\/05\/03\/concessionnaires-vw-invites-a-bergdietikon\/#primaryimage\"},\"thumbnailUrl\":\"https:\/\/waldspurger.ch\/wp-content\/uploads\/2022\/05\/20220503_VW-Event-scaled.jpg\",\"datePublished\":\"2022-05-03T05:46:38+00:00\",\"dateModified\":\"2022-06-03T11:18:11+00:00\",\"breadcrumb\":{\"@id\":\"https:\/\/waldspurger.ch\/fr\/2022\/05\/03\/concessionnaires-vw-invites-a-bergdietikon\/#breadcrumb\"},\"inLanguage\":\"fr-FR\",\"potentialAction\":[{\"@type\":\"ReadAction\",\"target\":[\"https:\/\/waldspurger.ch\/fr\/2022\/05\/03\/concessionnaires-vw-invites-a-bergdietikon\/\"]}]},{\"@type\":\"ImageObject\",\"inLanguage\":\"fr-FR\",\"@id\":\"https:\/\/waldspurger.ch\/fr\/2022\/05\/03\/concessionnaires-vw-invites-a-bergdietikon\/#primaryimage\",\"url\":\"https:\/\/waldspurger.ch\/wp-content\/uploads\/2022\/05\/20220503_VW-Event-scaled.jpg\",\"contentUrl\":\"https:\/\/waldspurger.ch\/wp-content\/uploads\/2022\/05\/20220503_VW-Event-scaled.jpg\",\"width\":2560,\"height\":1706},{\"@type\":\"BreadcrumbList\",\"@id\":\"https:\/\/waldspurger.ch\/fr\/2022\/05\/03\/concessionnaires-vw-invites-a-bergdietikon\/#breadcrumb\",\"itemListElement\":[{\"@type\":\"ListItem\",\"position\":1,\"name\":\"Startseite\",\"item\":\"https:\/\/waldspurger.ch\/fr\/\"},{\"@type\":\"ListItem\",\"position\":2,\"name\":\"Concessionnaires VW invit\u00e9s \u00e0 Bergdietikon\"}]},{\"@type\":\"WebSite\",\"@id\":\"https:\/\/waldspurger.ch\/fr\/#website\",\"url\":\"https:\/\/waldspurger.ch\/fr\/\",\"name\":\"Waldspurger SA\",\"description\":\"Am\u00e9nagement\",\"publisher\":{\"@id\":\"https:\/\/waldspurger.ch\/fr\/#organization\"},\"potentialAction\":[{\"@type\":\"SearchAction\",\"target\":{\"@type\":\"EntryPoint\",\"urlTemplate\":\"https:\/\/waldspurger.ch\/fr\/?s={search_term_string}\"},\"query-input\":{\"@type\":\"PropertyValueSpecification\",\"valueRequired\":true,\"valueName\":\"search_term_string\"}}],\"inLanguage\":\"fr-FR\"},{\"@type\":\"Organization\",\"@id\":\"https:\/\/waldspurger.ch\/fr\/#organization\",\"name\":\"Waldspurger AG\",\"url\":\"https:\/\/waldspurger.ch\/fr\/\",\"logo\":{\"@type\":\"ImageObject\",\"inLanguage\":\"fr-FR\",\"@id\":\"https:\/\/waldspurger.ch\/fr\/#\/schema\/logo\/image\/\",\"url\":\"https:\/\/waldspurger.ch\/wp-content\/uploads\/2022\/02\/logo_de.png\",\"contentUrl\":\"https:\/\/waldspurger.ch\/wp-content\/uploads\/2022\/02\/logo_de.png\",\"width\":320,\"height\":223,\"caption\":\"Waldspurger AG\"},\"image\":{\"@id\":\"https:\/\/waldspurger.ch\/fr\/#\/schema\/logo\/image\/\"},\"sameAs\":[\"https:\/\/ch.linkedin.com\/company\/waldspurger-bergdietikon\",\"https:\/\/www.youtube.com\/channel\/UC4BYucVfPuWzNF4hyfO3YTw\"]},{\"@type\":\"Person\",\"@id\":\"https:\/\/waldspurger.ch\/fr\/#\/schema\/person\/4c966b003c74d38b54cdc578485c6ecc\",\"name\":\"Waldspurger\",\"image\":{\"@type\":\"ImageObject\",\"inLanguage\":\"fr-FR\",\"@id\":\"https:\/\/secure.gravatar.com\/avatar\/14d6ed141939fb31218bcc603f93e8bc56b100de4d6c172f084d419b39b85449?s=96&d=mm&r=g\",\"url\":\"https:\/\/secure.gravatar.com\/avatar\/14d6ed141939fb31218bcc603f93e8bc56b100de4d6c172f084d419b39b85449?s=96&d=mm&r=g\",\"contentUrl\":\"https:\/\/secure.gravatar.com\/avatar\/14d6ed141939fb31218bcc603f93e8bc56b100de4d6c172f084d419b39b85449?s=96&d=mm&r=g\",\"caption\":\"Waldspurger\"}}]}<\/script>\n<!-- \/ Yoast SEO plugin. -->","yoast_head_json":{"title":"Concessionnaires VW invit\u00e9s \u00e0 Bergdietikon - Waldspurger SA","robots":{"index":"index","follow":"follow","max-snippet":"max-snippet:-1","max-image-preview":"max-image-preview:large","max-video-preview":"max-video-preview:-1"},"canonical":"https:\/\/waldspurger.ch\/fr\/2022\/05\/03\/concessionnaires-vw-invites-a-bergdietikon\/","og_locale":"fr_FR","og_type":"article","og_title":"Concessionnaires VW invit\u00e9s \u00e0 Bergdietikon - Waldspurger SA","og_description":"Fin avril, nous avons eu le plaisir d\u2019accueillir un groupe de concessionnaires de v\u00e9hicules utilitaires VW chez nous \u00e0 Bergdietikon. Nous en profitons volontiers pour parler m\u00e9tier et appr\u00e9cions d'avoir l\u2019occasion d\u2019apprendre de premi\u00e8re main quelles sont les exigences de nos clientes et clients.","og_url":"https:\/\/waldspurger.ch\/fr\/2022\/05\/03\/concessionnaires-vw-invites-a-bergdietikon\/","og_site_name":"Waldspurger SA","article_published_time":"2022-05-03T05:46:38+00:00","article_modified_time":"2022-06-03T11:18:11+00:00","og_image":[{"width":2560,"height":1706,"url":"https:\/\/waldspurger.ch\/wp-content\/uploads\/2022\/05\/20220503_VW-Event-scaled.jpg","type":"image\/jpeg"}],"author":"Waldspurger","twitter_card":"summary_large_image","schema":{"@context":"https:\/\/schema.org","@graph":[{"@type":"Article","@id":"https:\/\/waldspurger.ch\/fr\/2022\/05\/03\/concessionnaires-vw-invites-a-bergdietikon\/#article","isPartOf":{"@id":"https:\/\/waldspurger.ch\/fr\/2022\/05\/03\/concessionnaires-vw-invites-a-bergdietikon\/"},"author":{"name":"Waldspurger","@id":"https:\/\/waldspurger.ch\/fr\/#\/schema\/person\/4c966b003c74d38b54cdc578485c6ecc"},"headline":"Concessionnaires VW invit\u00e9s \u00e0 Bergdietikon","datePublished":"2022-05-03T05:46:38+00:00","dateModified":"2022-06-03T11:18:11+00:00","mainEntityOfPage":{"@id":"https:\/\/waldspurger.ch\/fr\/2022\/05\/03\/concessionnaires-vw-invites-a-bergdietikon\/"},"wordCount":239,"publisher":{"@id":"https:\/\/waldspurger.ch\/fr\/#organization"},"image":{"@id":"https:\/\/waldspurger.ch\/fr\/2022\/05\/03\/concessionnaires-vw-invites-a-bergdietikon\/#primaryimage"},"thumbnailUrl":"https:\/\/waldspurger.ch\/wp-content\/uploads\/2022\/05\/20220503_VW-Event-scaled.jpg","articleSection":["Nouvelles"],"inLanguage":"fr-FR"},{"@type":"WebPage","@id":"https:\/\/waldspurger.ch\/fr\/2022\/05\/03\/concessionnaires-vw-invites-a-bergdietikon\/","url":"https:\/\/waldspurger.ch\/fr\/2022\/05\/03\/concessionnaires-vw-invites-a-bergdietikon\/","name":"Concessionnaires VW invit\u00e9s \u00e0 Bergdietikon - Waldspurger SA","isPartOf":{"@id":"https:\/\/waldspurger.ch\/fr\/#website"},"primaryImageOfPage":{"@id":"https:\/\/waldspurger.ch\/fr\/2022\/05\/03\/concessionnaires-vw-invites-a-bergdietikon\/#primaryimage"},"image":{"@id":"https:\/\/waldspurger.ch\/fr\/2022\/05\/03\/concessionnaires-vw-invites-a-bergdietikon\/#primaryimage"},"thumbnailUrl":"https:\/\/waldspurger.ch\/wp-content\/uploads\/2022\/05\/20220503_VW-Event-scaled.jpg","datePublished":"2022-05-03T05:46:38+00:00","dateModified":"2022-06-03T11:18:11+00:00","breadcrumb":{"@id":"https:\/\/waldspurger.ch\/fr\/2022\/05\/03\/concessionnaires-vw-invites-a-bergdietikon\/#breadcrumb"},"inLanguage":"fr-FR","potentialAction":[{"@type":"ReadAction","target":["https:\/\/waldspurger.ch\/fr\/2022\/05\/03\/concessionnaires-vw-invites-a-bergdietikon\/"]}]},{"@type":"ImageObject","inLanguage":"fr-FR","@id":"https:\/\/waldspurger.ch\/fr\/2022\/05\/03\/concessionnaires-vw-invites-a-bergdietikon\/#primaryimage","url":"https:\/\/waldspurger.ch\/wp-content\/uploads\/2022\/05\/20220503_VW-Event-scaled.jpg","contentUrl":"https:\/\/waldspurger.ch\/wp-content\/uploads\/2022\/05\/20220503_VW-Event-scaled.jpg","width":2560,"height":1706},{"@type":"BreadcrumbList","@id":"https:\/\/waldspurger.ch\/fr\/2022\/05\/03\/concessionnaires-vw-invites-a-bergdietikon\/#breadcrumb","itemListElement":[{"@type":"ListItem","position":1,"name":"Startseite","item":"https:\/\/waldspurger.ch\/fr\/"},{"@type":"ListItem","position":2,"name":"Concessionnaires VW invit\u00e9s \u00e0 Bergdietikon"}]},{"@type":"WebSite","@id":"https:\/\/waldspurger.ch\/fr\/#website","url":"https:\/\/waldspurger.ch\/fr\/","name":"Waldspurger SA","description":"Am\u00e9nagement","publisher":{"@id":"https:\/\/waldspurger.ch\/fr\/#organization"},"potentialAction":[{"@type":"SearchAction","target":{"@type":"EntryPoint","urlTemplate":"https:\/\/waldspurger.ch\/fr\/?s={search_term_string}"},"query-input":{"@type":"PropertyValueSpecification","valueRequired":true,"valueName":"search_term_string"}}],"inLanguage":"fr-FR"},{"@type":"Organization","@id":"https:\/\/waldspurger.ch\/fr\/#organization","name":"Waldspurger AG","url":"https:\/\/waldspurger.ch\/fr\/","logo":{"@type":"ImageObject","inLanguage":"fr-FR","@id":"https:\/\/waldspurger.ch\/fr\/#\/schema\/logo\/image\/","url":"https:\/\/waldspurger.ch\/wp-content\/uploads\/2022\/02\/logo_de.png","contentUrl":"https:\/\/waldspurger.ch\/wp-content\/uploads\/2022\/02\/logo_de.png","width":320,"height":223,"caption":"Waldspurger AG"},"image":{"@id":"https:\/\/waldspurger.ch\/fr\/#\/schema\/logo\/image\/"},"sameAs":["https:\/\/ch.linkedin.com\/company\/waldspurger-bergdietikon","https:\/\/www.youtube.com\/channel\/UC4BYucVfPuWzNF4hyfO3YTw"]},{"@type":"Person","@id":"https:\/\/waldspurger.ch\/fr\/#\/schema\/person\/4c966b003c74d38b54cdc578485c6ecc","name":"Waldspurger","image":{"@type":"ImageObject","inLanguage":"fr-FR","@id":"https:\/\/secure.gravatar.com\/avatar\/14d6ed141939fb31218bcc603f93e8bc56b100de4d6c172f084d419b39b85449?s=96&d=mm&r=g","url":"https:\/\/secure.gravatar.com\/avatar\/14d6ed141939fb31218bcc603f93e8bc56b100de4d6c172f084d419b39b85449?s=96&d=mm&r=g","contentUrl":"https:\/\/secure.gravatar.com\/avatar\/14d6ed141939fb31218bcc603f93e8bc56b100de4d6c172f084d419b39b85449?s=96&d=mm&r=g","caption":"Waldspurger"}}]}},"menu_order":0,"_links":{"self":[{"href":"https:\/\/waldspurger.ch\/fr\/wp-json\/wp\/v2\/posts\/41123","targetHints":{"allow":["GET"]}}],"collection":[{"href":"https:\/\/waldspurger.ch\/fr\/wp-json\/wp\/v2\/posts"}],"about":[{"href":"https:\/\/waldspurger.ch\/fr\/wp-json\/wp\/v2\/types\/post"}],"author":[{"embeddable":true,"href":"https:\/\/waldspurger.ch\/fr\/wp-json\/wp\/v2\/users\/3"}],"replies":[{"embeddable":true,"href":"https:\/\/waldspurger.ch\/fr\/wp-json\/wp\/v2\/comments?post=41123"}],"version-history":[{"count":0,"href":"https:\/\/waldspurger.ch\/fr\/wp-json\/wp\/v2\/posts\/41123\/revisions"}],"wp:featuredmedia":[{"embeddable":true,"href":"https:\/\/waldspurger.ch\/fr\/wp-json\/wp\/v2\/media\/41117"}],"wp:attachment":[{"href":"https:\/\/waldspurger.ch\/fr\/wp-json\/wp\/v2\/media?parent=41123"}],"wp:term":[{"taxonomy":"category","embeddable":true,"href":"https:\/\/waldspurger.ch\/fr\/wp-json\/wp\/v2\/categories?post=41123"},{"taxonomy":"post_tag","embeddable":true,"href":"https:\/\/waldspurger.ch\/fr\/wp-json\/wp\/v2\/tags?post=41123"}],"curies":[{"name":"wp","href":"https:\/\/api.w.org\/{rel}","templated":true}]}}