{"id":33790,"date":"2019-08-20T15:00:09","date_gmt":"2019-08-20T13:00:09","guid":{"rendered":"https:\/\/waldspurger.getads.ch\/2019\/08\/20\/124-sieges-pour-eleves-dans-4-bus-scolaires-merci-tpf\/"},"modified":"2022-03-04T16:04:46","modified_gmt":"2022-03-04T15:04:46","slug":"124-sieges-pour-eleves-dans-4-bus-scolaires-merci-tpf","status":"publish","type":"post","link":"https:\/\/waldspurger.ch\/fr\/2019\/08\/20\/124-sieges-pour-eleves-dans-4-bus-scolaires-merci-tpf\/","title":{"rendered":"124 si\u00e8ges pour \u00e9l\u00e8ves dans 4 bus scolaires \u2013 Merci TPF!"},"content":{"rendered":"<div class=\"wpb-content-wrapper\"><p>[vc_row css=\u00a0\u00bb.vc_custom_1612820899294{margin-top: 0px !important;padding-top: 0px !important;}\u00a0\u00bb][vc_column css=\u00a0\u00bb.vc_custom_1612820998142{margin-top: 0px !important;padding-top: 0px !important;}\u00a0\u00bb]<div class=\"clearboth\"><\/div><style>#thegem-divider-69f5632cd8a14 {margin-top: 10px !important;}<\/style><div id=\"thegem-divider-69f5632cd8a14\" class=\"gem-divider  \" style=\"\" ><\/div>[\/vc_column][\/vc_row][vc_row][vc_column][vc_column_text]<\/p>\n<h2>124 si\u00e8ges pour \u00e9l\u00e8ves dans 4 bus scolaires \u2013 Merci TPF!<br \/>\n<\/h2>\n<p>[\/vc_column_text][vc_column_text css=\u00a0\u00bb.vc_custom_1614774184822{margin-bottom: 0px !important;padding-bottom: 0px !important;}\u00a0\u00bb]<\/p>\n<p>Plus la population augmente, plus il y a d\u2019enfants qui vont \u00e0 l&rsquo;\u00e9cole en bus scolaire. Notre client, la soci\u00e9t\u00e9 holding des Services de transport (TPF) SA, compl\u00e8te son parc de v\u00e9hicules par des bus scolaires suppl\u00e9mentaires.<\/p>\n<p>Quiconque effectue des transports scolaires a la responsabilit\u00e9 d\u2019assurer une s\u00e9curit\u00e9 maximale. Cet \u00e9t\u00e9, nous avons pu \u00e9quiper 4 nouveaux bus scolaires \u00e0 31 places chacun avec nos si\u00e8ges Safety\u2122 brevet\u00e9s et homologu\u00e9s pour bus scolaire. Chaque si\u00e8ge est \u00e9quip\u00e9 d\u2019une ceinture de s\u00e9curit\u00e9 \u00e0 3 points avec r\u00e9glage automatique de la hauteur SafetyFix\u2122, s\u2019adaptant \u00e0 la taille des passagers de 3 \u00e0 18 ans. Cet \u00e9quipement remplit les dispositions l\u00e9gales les plus r\u00e9centes en mati\u00e8re de s\u00e9curit\u00e9.<\/p>\n<p>Nous sommes tr\u00e8s heureux de pouvoir compter la soci\u00e9t\u00e9 holding des Services de transport (TPF) SA depuis plus de 12 ans parmi nos clients fid\u00e8les. La confiance qu\u2019ils t\u00e9moignent \u00e0 notre exp\u00e9rience de longue date et au grand soin avec lequel nous ex\u00e9cutons leurs commandes nous remplit de fiert\u00e9.<\/p>\n<p>[\/vc_column_text][\/vc_column][\/vc_row][vc_row][vc_column]<div class=\"clearboth\"><\/div><style>#thegem-divider-69f5632cd8ba3 {margin-top: 20px !important;}<\/style><div id=\"thegem-divider-69f5632cd8ba3\" class=\"gem-divider  \" style=\"\" ><\/div>[\/vc_column][\/vc_row]<\/p>\n<\/div>","protected":false},"excerpt":{"rendered":"<p>Plus la population augmente, plus il y a d\u2019enfants qui vont \u00e0 l&rsquo;\u00e9cole en bus scolaire. Notre client, la soci\u00e9t\u00e9 holding des Services de transport (TPF) SA, compl\u00e8te son parc de v\u00e9hicules par des bus scolaires suppl\u00e9mentaires.<\/p>\n","protected":false},"author":1,"featured_media":29836,"comment_status":"closed","ping_status":"closed","sticky":false,"template":"","format":"standard","meta":{"footnotes":""},"categories":[193,192,194],"tags":[],"class_list":{"0":"post-33790","1":"post","2":"type-post","3":"status-publish","4":"format-standard","5":"has-post-thumbnail","7":"category-informations-utiles","8":"category-nouvelles","9":"category-produits"},"yoast_head":"<!-- This site is optimized with the Yoast SEO plugin v27.2 - https:\/\/yoast.com\/product\/yoast-seo-wordpress\/ -->\n<title>124 si\u00e8ges pour \u00e9l\u00e8ves dans 4 bus scolaires \u2013 Merci TPF! - Waldspurger SA<\/title>\n<meta name=\"robots\" content=\"index, follow, max-snippet:-1, max-image-preview:large, max-video-preview:-1\" \/>\n<link rel=\"canonical\" href=\"https:\/\/waldspurger.ch\/fr\/2019\/08\/20\/124-sieges-pour-eleves-dans-4-bus-scolaires-merci-tpf\/\" \/>\n<meta property=\"og:locale\" content=\"fr_FR\" \/>\n<meta property=\"og:type\" content=\"article\" \/>\n<meta property=\"og:title\" content=\"124 si\u00e8ges pour \u00e9l\u00e8ves dans 4 bus scolaires \u2013 Merci TPF! - Waldspurger SA\" \/>\n<meta property=\"og:description\" content=\"Plus la population augmente, plus il y a d\u2019enfants qui vont \u00e0 l&#039;\u00e9cole en bus scolaire. Notre client, la soci\u00e9t\u00e9 holding des Services de transport (TPF) SA, compl\u00e8te son parc de v\u00e9hicules par des bus scolaires suppl\u00e9mentaires.\" \/>\n<meta property=\"og:url\" content=\"https:\/\/waldspurger.ch\/fr\/2019\/08\/20\/124-sieges-pour-eleves-dans-4-bus-scolaires-merci-tpf\/\" \/>\n<meta property=\"og:site_name\" content=\"Waldspurger SA\" \/>\n<meta property=\"article:published_time\" content=\"2019-08-20T13:00:09+00:00\" \/>\n<meta property=\"article:modified_time\" content=\"2022-03-04T15:04:46+00:00\" \/>\n<meta property=\"og:image\" content=\"https:\/\/waldspurger.ch\/wp-content\/uploads\/2021\/04\/SaftySchulbussitz_waldspurger_201908.jpg\" \/>\n\t<meta property=\"og:image:width\" content=\"650\" \/>\n\t<meta property=\"og:image:height\" content=\"230\" \/>\n\t<meta property=\"og:image:type\" content=\"image\/jpeg\" \/>\n<meta name=\"author\" content=\"Adminmoritzi\" \/>\n<meta name=\"twitter:card\" content=\"summary_large_image\" \/>\n<script type=\"application\/ld+json\" class=\"yoast-schema-graph\">{\"@context\":\"https:\/\/schema.org\",\"@graph\":[{\"@type\":\"Article\",\"@id\":\"https:\/\/waldspurger.ch\/fr\/2019\/08\/20\/124-sieges-pour-eleves-dans-4-bus-scolaires-merci-tpf\/#article\",\"isPartOf\":{\"@id\":\"https:\/\/waldspurger.ch\/fr\/2019\/08\/20\/124-sieges-pour-eleves-dans-4-bus-scolaires-merci-tpf\/\"},\"author\":{\"name\":\"Adminmoritzi\",\"@id\":\"https:\/\/waldspurger.ch\/fr\/#\/schema\/person\/e92a92f5b5a240afd932a5eba15ae94c\"},\"headline\":\"124 si\u00e8ges pour \u00e9l\u00e8ves dans 4 bus scolaires \u2013 Merci TPF!\",\"datePublished\":\"2019-08-20T13:00:09+00:00\",\"dateModified\":\"2022-03-04T15:04:46+00:00\",\"mainEntityOfPage\":{\"@id\":\"https:\/\/waldspurger.ch\/fr\/2019\/08\/20\/124-sieges-pour-eleves-dans-4-bus-scolaires-merci-tpf\/\"},\"wordCount\":270,\"publisher\":{\"@id\":\"https:\/\/waldspurger.ch\/fr\/#organization\"},\"image\":{\"@id\":\"https:\/\/waldspurger.ch\/fr\/2019\/08\/20\/124-sieges-pour-eleves-dans-4-bus-scolaires-merci-tpf\/#primaryimage\"},\"thumbnailUrl\":\"https:\/\/waldspurger.ch\/wp-content\/uploads\/2021\/04\/SaftySchulbussitz_waldspurger_201908.jpg\",\"articleSection\":[\"Informations utiles\",\"Nouvelles\",\"Produits\"],\"inLanguage\":\"fr-FR\"},{\"@type\":\"WebPage\",\"@id\":\"https:\/\/waldspurger.ch\/fr\/2019\/08\/20\/124-sieges-pour-eleves-dans-4-bus-scolaires-merci-tpf\/\",\"url\":\"https:\/\/waldspurger.ch\/fr\/2019\/08\/20\/124-sieges-pour-eleves-dans-4-bus-scolaires-merci-tpf\/\",\"name\":\"124 si\u00e8ges pour \u00e9l\u00e8ves dans 4 bus scolaires \u2013 Merci TPF! - Waldspurger SA\",\"isPartOf\":{\"@id\":\"https:\/\/waldspurger.ch\/fr\/#website\"},\"primaryImageOfPage\":{\"@id\":\"https:\/\/waldspurger.ch\/fr\/2019\/08\/20\/124-sieges-pour-eleves-dans-4-bus-scolaires-merci-tpf\/#primaryimage\"},\"image\":{\"@id\":\"https:\/\/waldspurger.ch\/fr\/2019\/08\/20\/124-sieges-pour-eleves-dans-4-bus-scolaires-merci-tpf\/#primaryimage\"},\"thumbnailUrl\":\"https:\/\/waldspurger.ch\/wp-content\/uploads\/2021\/04\/SaftySchulbussitz_waldspurger_201908.jpg\",\"datePublished\":\"2019-08-20T13:00:09+00:00\",\"dateModified\":\"2022-03-04T15:04:46+00:00\",\"breadcrumb\":{\"@id\":\"https:\/\/waldspurger.ch\/fr\/2019\/08\/20\/124-sieges-pour-eleves-dans-4-bus-scolaires-merci-tpf\/#breadcrumb\"},\"inLanguage\":\"fr-FR\",\"potentialAction\":[{\"@type\":\"ReadAction\",\"target\":[\"https:\/\/waldspurger.ch\/fr\/2019\/08\/20\/124-sieges-pour-eleves-dans-4-bus-scolaires-merci-tpf\/\"]}]},{\"@type\":\"ImageObject\",\"inLanguage\":\"fr-FR\",\"@id\":\"https:\/\/waldspurger.ch\/fr\/2019\/08\/20\/124-sieges-pour-eleves-dans-4-bus-scolaires-merci-tpf\/#primaryimage\",\"url\":\"https:\/\/waldspurger.ch\/wp-content\/uploads\/2021\/04\/SaftySchulbussitz_waldspurger_201908.jpg\",\"contentUrl\":\"https:\/\/waldspurger.ch\/wp-content\/uploads\/2021\/04\/SaftySchulbussitz_waldspurger_201908.jpg\",\"width\":650,\"height\":230},{\"@type\":\"BreadcrumbList\",\"@id\":\"https:\/\/waldspurger.ch\/fr\/2019\/08\/20\/124-sieges-pour-eleves-dans-4-bus-scolaires-merci-tpf\/#breadcrumb\",\"itemListElement\":[{\"@type\":\"ListItem\",\"position\":1,\"name\":\"Startseite\",\"item\":\"https:\/\/waldspurger.ch\/fr\/\"},{\"@type\":\"ListItem\",\"position\":2,\"name\":\"124 si\u00e8ges pour \u00e9l\u00e8ves dans 4 bus scolaires \u2013 Merci TPF!\"}]},{\"@type\":\"WebSite\",\"@id\":\"https:\/\/waldspurger.ch\/fr\/#website\",\"url\":\"https:\/\/waldspurger.ch\/fr\/\",\"name\":\"Waldspurger SA\",\"description\":\"Am\u00e9nagement\",\"publisher\":{\"@id\":\"https:\/\/waldspurger.ch\/fr\/#organization\"},\"potentialAction\":[{\"@type\":\"SearchAction\",\"target\":{\"@type\":\"EntryPoint\",\"urlTemplate\":\"https:\/\/waldspurger.ch\/fr\/?s={search_term_string}\"},\"query-input\":{\"@type\":\"PropertyValueSpecification\",\"valueRequired\":true,\"valueName\":\"search_term_string\"}}],\"inLanguage\":\"fr-FR\"},{\"@type\":\"Organization\",\"@id\":\"https:\/\/waldspurger.ch\/fr\/#organization\",\"name\":\"Waldspurger AG\",\"url\":\"https:\/\/waldspurger.ch\/fr\/\",\"logo\":{\"@type\":\"ImageObject\",\"inLanguage\":\"fr-FR\",\"@id\":\"https:\/\/waldspurger.ch\/fr\/#\/schema\/logo\/image\/\",\"url\":\"https:\/\/waldspurger.ch\/wp-content\/uploads\/2022\/02\/logo_de.png\",\"contentUrl\":\"https:\/\/waldspurger.ch\/wp-content\/uploads\/2022\/02\/logo_de.png\",\"width\":320,\"height\":223,\"caption\":\"Waldspurger AG\"},\"image\":{\"@id\":\"https:\/\/waldspurger.ch\/fr\/#\/schema\/logo\/image\/\"},\"sameAs\":[\"https:\/\/ch.linkedin.com\/company\/waldspurger-bergdietikon\",\"https:\/\/www.youtube.com\/channel\/UC4BYucVfPuWzNF4hyfO3YTw\"]},{\"@type\":\"Person\",\"@id\":\"https:\/\/waldspurger.ch\/fr\/#\/schema\/person\/e92a92f5b5a240afd932a5eba15ae94c\",\"name\":\"Adminmoritzi\",\"image\":{\"@type\":\"ImageObject\",\"inLanguage\":\"fr-FR\",\"@id\":\"https:\/\/secure.gravatar.com\/avatar\/4f43fbec0cc1848d75d18da5595fa2e9d12bc02d9d761756323c70efe587d61a?s=96&d=mm&r=g\",\"url\":\"https:\/\/secure.gravatar.com\/avatar\/4f43fbec0cc1848d75d18da5595fa2e9d12bc02d9d761756323c70efe587d61a?s=96&d=mm&r=g\",\"contentUrl\":\"https:\/\/secure.gravatar.com\/avatar\/4f43fbec0cc1848d75d18da5595fa2e9d12bc02d9d761756323c70efe587d61a?s=96&d=mm&r=g\",\"caption\":\"Adminmoritzi\"}}]}<\/script>\n<!-- \/ Yoast SEO plugin. -->","yoast_head_json":{"title":"124 si\u00e8ges pour \u00e9l\u00e8ves dans 4 bus scolaires \u2013 Merci TPF! - Waldspurger SA","robots":{"index":"index","follow":"follow","max-snippet":"max-snippet:-1","max-image-preview":"max-image-preview:large","max-video-preview":"max-video-preview:-1"},"canonical":"https:\/\/waldspurger.ch\/fr\/2019\/08\/20\/124-sieges-pour-eleves-dans-4-bus-scolaires-merci-tpf\/","og_locale":"fr_FR","og_type":"article","og_title":"124 si\u00e8ges pour \u00e9l\u00e8ves dans 4 bus scolaires \u2013 Merci TPF! - Waldspurger SA","og_description":"Plus la population augmente, plus il y a d\u2019enfants qui vont \u00e0 l'\u00e9cole en bus scolaire. Notre client, la soci\u00e9t\u00e9 holding des Services de transport (TPF) SA, compl\u00e8te son parc de v\u00e9hicules par des bus scolaires suppl\u00e9mentaires.","og_url":"https:\/\/waldspurger.ch\/fr\/2019\/08\/20\/124-sieges-pour-eleves-dans-4-bus-scolaires-merci-tpf\/","og_site_name":"Waldspurger SA","article_published_time":"2019-08-20T13:00:09+00:00","article_modified_time":"2022-03-04T15:04:46+00:00","og_image":[{"width":650,"height":230,"url":"https:\/\/waldspurger.ch\/wp-content\/uploads\/2021\/04\/SaftySchulbussitz_waldspurger_201908.jpg","type":"image\/jpeg"}],"author":"Adminmoritzi","twitter_card":"summary_large_image","schema":{"@context":"https:\/\/schema.org","@graph":[{"@type":"Article","@id":"https:\/\/waldspurger.ch\/fr\/2019\/08\/20\/124-sieges-pour-eleves-dans-4-bus-scolaires-merci-tpf\/#article","isPartOf":{"@id":"https:\/\/waldspurger.ch\/fr\/2019\/08\/20\/124-sieges-pour-eleves-dans-4-bus-scolaires-merci-tpf\/"},"author":{"name":"Adminmoritzi","@id":"https:\/\/waldspurger.ch\/fr\/#\/schema\/person\/e92a92f5b5a240afd932a5eba15ae94c"},"headline":"124 si\u00e8ges pour \u00e9l\u00e8ves dans 4 bus scolaires \u2013 Merci TPF!","datePublished":"2019-08-20T13:00:09+00:00","dateModified":"2022-03-04T15:04:46+00:00","mainEntityOfPage":{"@id":"https:\/\/waldspurger.ch\/fr\/2019\/08\/20\/124-sieges-pour-eleves-dans-4-bus-scolaires-merci-tpf\/"},"wordCount":270,"publisher":{"@id":"https:\/\/waldspurger.ch\/fr\/#organization"},"image":{"@id":"https:\/\/waldspurger.ch\/fr\/2019\/08\/20\/124-sieges-pour-eleves-dans-4-bus-scolaires-merci-tpf\/#primaryimage"},"thumbnailUrl":"https:\/\/waldspurger.ch\/wp-content\/uploads\/2021\/04\/SaftySchulbussitz_waldspurger_201908.jpg","articleSection":["Informations utiles","Nouvelles","Produits"],"inLanguage":"fr-FR"},{"@type":"WebPage","@id":"https:\/\/waldspurger.ch\/fr\/2019\/08\/20\/124-sieges-pour-eleves-dans-4-bus-scolaires-merci-tpf\/","url":"https:\/\/waldspurger.ch\/fr\/2019\/08\/20\/124-sieges-pour-eleves-dans-4-bus-scolaires-merci-tpf\/","name":"124 si\u00e8ges pour \u00e9l\u00e8ves dans 4 bus scolaires \u2013 Merci TPF! - Waldspurger SA","isPartOf":{"@id":"https:\/\/waldspurger.ch\/fr\/#website"},"primaryImageOfPage":{"@id":"https:\/\/waldspurger.ch\/fr\/2019\/08\/20\/124-sieges-pour-eleves-dans-4-bus-scolaires-merci-tpf\/#primaryimage"},"image":{"@id":"https:\/\/waldspurger.ch\/fr\/2019\/08\/20\/124-sieges-pour-eleves-dans-4-bus-scolaires-merci-tpf\/#primaryimage"},"thumbnailUrl":"https:\/\/waldspurger.ch\/wp-content\/uploads\/2021\/04\/SaftySchulbussitz_waldspurger_201908.jpg","datePublished":"2019-08-20T13:00:09+00:00","dateModified":"2022-03-04T15:04:46+00:00","breadcrumb":{"@id":"https:\/\/waldspurger.ch\/fr\/2019\/08\/20\/124-sieges-pour-eleves-dans-4-bus-scolaires-merci-tpf\/#breadcrumb"},"inLanguage":"fr-FR","potentialAction":[{"@type":"ReadAction","target":["https:\/\/waldspurger.ch\/fr\/2019\/08\/20\/124-sieges-pour-eleves-dans-4-bus-scolaires-merci-tpf\/"]}]},{"@type":"ImageObject","inLanguage":"fr-FR","@id":"https:\/\/waldspurger.ch\/fr\/2019\/08\/20\/124-sieges-pour-eleves-dans-4-bus-scolaires-merci-tpf\/#primaryimage","url":"https:\/\/waldspurger.ch\/wp-content\/uploads\/2021\/04\/SaftySchulbussitz_waldspurger_201908.jpg","contentUrl":"https:\/\/waldspurger.ch\/wp-content\/uploads\/2021\/04\/SaftySchulbussitz_waldspurger_201908.jpg","width":650,"height":230},{"@type":"BreadcrumbList","@id":"https:\/\/waldspurger.ch\/fr\/2019\/08\/20\/124-sieges-pour-eleves-dans-4-bus-scolaires-merci-tpf\/#breadcrumb","itemListElement":[{"@type":"ListItem","position":1,"name":"Startseite","item":"https:\/\/waldspurger.ch\/fr\/"},{"@type":"ListItem","position":2,"name":"124 si\u00e8ges pour \u00e9l\u00e8ves dans 4 bus scolaires \u2013 Merci TPF!"}]},{"@type":"WebSite","@id":"https:\/\/waldspurger.ch\/fr\/#website","url":"https:\/\/waldspurger.ch\/fr\/","name":"Waldspurger SA","description":"Am\u00e9nagement","publisher":{"@id":"https:\/\/waldspurger.ch\/fr\/#organization"},"potentialAction":[{"@type":"SearchAction","target":{"@type":"EntryPoint","urlTemplate":"https:\/\/waldspurger.ch\/fr\/?s={search_term_string}"},"query-input":{"@type":"PropertyValueSpecification","valueRequired":true,"valueName":"search_term_string"}}],"inLanguage":"fr-FR"},{"@type":"Organization","@id":"https:\/\/waldspurger.ch\/fr\/#organization","name":"Waldspurger AG","url":"https:\/\/waldspurger.ch\/fr\/","logo":{"@type":"ImageObject","inLanguage":"fr-FR","@id":"https:\/\/waldspurger.ch\/fr\/#\/schema\/logo\/image\/","url":"https:\/\/waldspurger.ch\/wp-content\/uploads\/2022\/02\/logo_de.png","contentUrl":"https:\/\/waldspurger.ch\/wp-content\/uploads\/2022\/02\/logo_de.png","width":320,"height":223,"caption":"Waldspurger AG"},"image":{"@id":"https:\/\/waldspurger.ch\/fr\/#\/schema\/logo\/image\/"},"sameAs":["https:\/\/ch.linkedin.com\/company\/waldspurger-bergdietikon","https:\/\/www.youtube.com\/channel\/UC4BYucVfPuWzNF4hyfO3YTw"]},{"@type":"Person","@id":"https:\/\/waldspurger.ch\/fr\/#\/schema\/person\/e92a92f5b5a240afd932a5eba15ae94c","name":"Adminmoritzi","image":{"@type":"ImageObject","inLanguage":"fr-FR","@id":"https:\/\/secure.gravatar.com\/avatar\/4f43fbec0cc1848d75d18da5595fa2e9d12bc02d9d761756323c70efe587d61a?s=96&d=mm&r=g","url":"https:\/\/secure.gravatar.com\/avatar\/4f43fbec0cc1848d75d18da5595fa2e9d12bc02d9d761756323c70efe587d61a?s=96&d=mm&r=g","contentUrl":"https:\/\/secure.gravatar.com\/avatar\/4f43fbec0cc1848d75d18da5595fa2e9d12bc02d9d761756323c70efe587d61a?s=96&d=mm&r=g","caption":"Adminmoritzi"}}]}},"menu_order":0,"_links":{"self":[{"href":"https:\/\/waldspurger.ch\/fr\/wp-json\/wp\/v2\/posts\/33790","targetHints":{"allow":["GET"]}}],"collection":[{"href":"https:\/\/waldspurger.ch\/fr\/wp-json\/wp\/v2\/posts"}],"about":[{"href":"https:\/\/waldspurger.ch\/fr\/wp-json\/wp\/v2\/types\/post"}],"author":[{"embeddable":true,"href":"https:\/\/waldspurger.ch\/fr\/wp-json\/wp\/v2\/users\/1"}],"replies":[{"embeddable":true,"href":"https:\/\/waldspurger.ch\/fr\/wp-json\/wp\/v2\/comments?post=33790"}],"version-history":[{"count":0,"href":"https:\/\/waldspurger.ch\/fr\/wp-json\/wp\/v2\/posts\/33790\/revisions"}],"wp:featuredmedia":[{"embeddable":true,"href":"https:\/\/waldspurger.ch\/fr\/wp-json\/wp\/v2\/media\/29836"}],"wp:attachment":[{"href":"https:\/\/waldspurger.ch\/fr\/wp-json\/wp\/v2\/media?parent=33790"}],"wp:term":[{"taxonomy":"category","embeddable":true,"href":"https:\/\/waldspurger.ch\/fr\/wp-json\/wp\/v2\/categories?post=33790"},{"taxonomy":"post_tag","embeddable":true,"href":"https:\/\/waldspurger.ch\/fr\/wp-json\/wp\/v2\/tags?post=33790"}],"curies":[{"name":"wp","href":"https:\/\/api.w.org\/{rel}","templated":true}]}}