{"id":33731,"date":"2021-06-18T11:15:22","date_gmt":"2021-06-18T09:15:22","guid":{"rendered":"https:\/\/waldspurger.getads.ch\/2021\/06\/18\/sinceres-felicitations\/"},"modified":"2022-03-04T16:03:58","modified_gmt":"2022-03-04T15:03:58","slug":"sinceres-felicitations","status":"publish","type":"post","link":"https:\/\/waldspurger.ch\/fr\/2021\/06\/18\/sinceres-felicitations\/","title":{"rendered":"Sinc\u00e8res f\u00e9licitations !"},"content":{"rendered":"<div class=\"wpb-content-wrapper\"><p>[vc_row css=\u00a0\u00bb.vc_custom_1612820899294{margin-top: 0px !important;padding-top: 0px !important;}\u00a0\u00bb][vc_column css=\u00a0\u00bb.vc_custom_1612820998142{margin-top: 0px !important;padding-top: 0px !important;}\u00a0\u00bb]<div class=\"clearboth\"><\/div><style>#thegem-divider-69f592115f91a {margin-top: 10px !important;}<\/style><div id=\"thegem-divider-69f592115f91a\" class=\"gem-divider  \" style=\"\" ><\/div>[\/vc_column][\/vc_row][vc_row][vc_column][vc_column_text]<\/p>\n<h2>Sinc\u00e8res f\u00e9licitations !<\/h2>\n<p>[\/vc_column_text][vc_column_text css=\u00a0\u00bb.vc_custom_1632477418165{margin-bottom: 0px !important;padding-bottom: 0px !important;}\u00a0\u00bb]Les Championnats d&rsquo;Europe World Para Athletics ont eu lieu \u00e0 Bydgoszcz, en Pologne, du 1er au 5 juin 2021. Les athl\u00e8tes suisses de Swiss Paralympic ont termin\u00e9 les comp\u00e9titions avec un total de 8 m\u00e9dailles d&rsquo;or, 4 m\u00e9dailles d&rsquo;argent et 5 m\u00e9dailles de bronze, ce qui les place \u00e0 une bonne 7\u00e8me place dans la comparaison des pays. Et lors des Championnats du monde de paracyclisme sur le route \u00e0 Cascais, au Portugal, les participant-e-s suisses ont \u00e9galement remport\u00e9 un total de 6 m\u00e9dailles. En tant que sponsor de Swiss Paralympic, Waldspurger SA tient \u00e0 f\u00e9liciter tous les athl\u00e8tes pour leurs succ\u00e8s et leur souhaite \u00e0 toutes et \u00e0 tous de continuer \u00e0 faire preuve de pers\u00e9v\u00e9rance et beaucoup de plaisir dans la pratique de leur sport.[\/vc_column_text][\/vc_column][\/vc_row][vc_row][vc_column]<div class=\"clearboth\"><\/div><style>#thegem-divider-69f592115fa48 {margin-top: 20px !important;}<\/style><div id=\"thegem-divider-69f592115fa48\" class=\"gem-divider  \" style=\"\" ><\/div>[\/vc_column][\/vc_row]<\/p>\n<\/div>","protected":false},"excerpt":{"rendered":"<p>Les Championnats d&rsquo;Europe World Para Athletics ont eu lieu \u00e0 Bydgoszcz, en Pologne, du 1er au 5 juin 2021.<\/p>\n","protected":false},"author":1,"featured_media":31408,"comment_status":"closed","ping_status":"closed","sticky":false,"template":"","format":"standard","meta":{"footnotes":""},"categories":[193,192],"tags":[],"class_list":{"0":"post-33731","1":"post","2":"type-post","3":"status-publish","4":"format-standard","5":"has-post-thumbnail","7":"category-informations-utiles","8":"category-nouvelles"},"yoast_head":"<!-- This site is optimized with the Yoast SEO plugin v27.2 - https:\/\/yoast.com\/product\/yoast-seo-wordpress\/ -->\n<title>Sinc\u00e8res f\u00e9licitations ! - Waldspurger SA<\/title>\n<meta name=\"robots\" content=\"index, follow, max-snippet:-1, max-image-preview:large, max-video-preview:-1\" \/>\n<link rel=\"canonical\" href=\"https:\/\/waldspurger.ch\/fr\/2021\/06\/18\/sinceres-felicitations\/\" \/>\n<meta property=\"og:locale\" content=\"fr_FR\" \/>\n<meta property=\"og:type\" content=\"article\" \/>\n<meta property=\"og:title\" content=\"Sinc\u00e8res f\u00e9licitations ! - Waldspurger SA\" \/>\n<meta property=\"og:description\" content=\"Les Championnats d&#039;Europe World Para Athletics ont eu lieu \u00e0 Bydgoszcz, en Pologne, du 1er au 5 juin 2021.\" \/>\n<meta property=\"og:url\" content=\"https:\/\/waldspurger.ch\/fr\/2021\/06\/18\/sinceres-felicitations\/\" \/>\n<meta property=\"og:site_name\" content=\"Waldspurger SA\" \/>\n<meta property=\"article:published_time\" content=\"2021-06-18T09:15:22+00:00\" \/>\n<meta property=\"article:modified_time\" content=\"2022-03-04T15:03:58+00:00\" \/>\n<meta property=\"og:image\" content=\"https:\/\/waldspurger.ch\/wp-content\/uploads\/2021\/09\/SwissParalympic_2021.jpg\" \/>\n\t<meta property=\"og:image:width\" content=\"650\" \/>\n\t<meta property=\"og:image:height\" content=\"430\" \/>\n\t<meta property=\"og:image:type\" content=\"image\/jpeg\" \/>\n<meta name=\"author\" content=\"Adminmoritzi\" \/>\n<meta name=\"twitter:card\" content=\"summary_large_image\" \/>\n<script type=\"application\/ld+json\" class=\"yoast-schema-graph\">{\"@context\":\"https:\/\/schema.org\",\"@graph\":[{\"@type\":\"Article\",\"@id\":\"https:\/\/waldspurger.ch\/fr\/2021\/06\/18\/sinceres-felicitations\/#article\",\"isPartOf\":{\"@id\":\"https:\/\/waldspurger.ch\/fr\/2021\/06\/18\/sinceres-felicitations\/\"},\"author\":{\"name\":\"Adminmoritzi\",\"@id\":\"https:\/\/waldspurger.ch\/fr\/#\/schema\/person\/e92a92f5b5a240afd932a5eba15ae94c\"},\"headline\":\"Sinc\u00e8res f\u00e9licitations !\",\"datePublished\":\"2021-06-18T09:15:22+00:00\",\"dateModified\":\"2022-03-04T15:03:58+00:00\",\"mainEntityOfPage\":{\"@id\":\"https:\/\/waldspurger.ch\/fr\/2021\/06\/18\/sinceres-felicitations\/\"},\"wordCount\":207,\"publisher\":{\"@id\":\"https:\/\/waldspurger.ch\/fr\/#organization\"},\"image\":{\"@id\":\"https:\/\/waldspurger.ch\/fr\/2021\/06\/18\/sinceres-felicitations\/#primaryimage\"},\"thumbnailUrl\":\"https:\/\/waldspurger.ch\/wp-content\/uploads\/2021\/09\/SwissParalympic_2021.jpg\",\"articleSection\":[\"Informations utiles\",\"Nouvelles\"],\"inLanguage\":\"fr-FR\"},{\"@type\":\"WebPage\",\"@id\":\"https:\/\/waldspurger.ch\/fr\/2021\/06\/18\/sinceres-felicitations\/\",\"url\":\"https:\/\/waldspurger.ch\/fr\/2021\/06\/18\/sinceres-felicitations\/\",\"name\":\"Sinc\u00e8res f\u00e9licitations ! - Waldspurger SA\",\"isPartOf\":{\"@id\":\"https:\/\/waldspurger.ch\/fr\/#website\"},\"primaryImageOfPage\":{\"@id\":\"https:\/\/waldspurger.ch\/fr\/2021\/06\/18\/sinceres-felicitations\/#primaryimage\"},\"image\":{\"@id\":\"https:\/\/waldspurger.ch\/fr\/2021\/06\/18\/sinceres-felicitations\/#primaryimage\"},\"thumbnailUrl\":\"https:\/\/waldspurger.ch\/wp-content\/uploads\/2021\/09\/SwissParalympic_2021.jpg\",\"datePublished\":\"2021-06-18T09:15:22+00:00\",\"dateModified\":\"2022-03-04T15:03:58+00:00\",\"breadcrumb\":{\"@id\":\"https:\/\/waldspurger.ch\/fr\/2021\/06\/18\/sinceres-felicitations\/#breadcrumb\"},\"inLanguage\":\"fr-FR\",\"potentialAction\":[{\"@type\":\"ReadAction\",\"target\":[\"https:\/\/waldspurger.ch\/fr\/2021\/06\/18\/sinceres-felicitations\/\"]}]},{\"@type\":\"ImageObject\",\"inLanguage\":\"fr-FR\",\"@id\":\"https:\/\/waldspurger.ch\/fr\/2021\/06\/18\/sinceres-felicitations\/#primaryimage\",\"url\":\"https:\/\/waldspurger.ch\/wp-content\/uploads\/2021\/09\/SwissParalympic_2021.jpg\",\"contentUrl\":\"https:\/\/waldspurger.ch\/wp-content\/uploads\/2021\/09\/SwissParalympic_2021.jpg\",\"width\":650,\"height\":430},{\"@type\":\"BreadcrumbList\",\"@id\":\"https:\/\/waldspurger.ch\/fr\/2021\/06\/18\/sinceres-felicitations\/#breadcrumb\",\"itemListElement\":[{\"@type\":\"ListItem\",\"position\":1,\"name\":\"Startseite\",\"item\":\"https:\/\/waldspurger.ch\/fr\/\"},{\"@type\":\"ListItem\",\"position\":2,\"name\":\"Sinc\u00e8res f\u00e9licitations !\"}]},{\"@type\":\"WebSite\",\"@id\":\"https:\/\/waldspurger.ch\/fr\/#website\",\"url\":\"https:\/\/waldspurger.ch\/fr\/\",\"name\":\"Waldspurger SA\",\"description\":\"Am\u00e9nagement\",\"publisher\":{\"@id\":\"https:\/\/waldspurger.ch\/fr\/#organization\"},\"potentialAction\":[{\"@type\":\"SearchAction\",\"target\":{\"@type\":\"EntryPoint\",\"urlTemplate\":\"https:\/\/waldspurger.ch\/fr\/?s={search_term_string}\"},\"query-input\":{\"@type\":\"PropertyValueSpecification\",\"valueRequired\":true,\"valueName\":\"search_term_string\"}}],\"inLanguage\":\"fr-FR\"},{\"@type\":\"Organization\",\"@id\":\"https:\/\/waldspurger.ch\/fr\/#organization\",\"name\":\"Waldspurger AG\",\"url\":\"https:\/\/waldspurger.ch\/fr\/\",\"logo\":{\"@type\":\"ImageObject\",\"inLanguage\":\"fr-FR\",\"@id\":\"https:\/\/waldspurger.ch\/fr\/#\/schema\/logo\/image\/\",\"url\":\"https:\/\/waldspurger.ch\/wp-content\/uploads\/2022\/02\/logo_de.png\",\"contentUrl\":\"https:\/\/waldspurger.ch\/wp-content\/uploads\/2022\/02\/logo_de.png\",\"width\":320,\"height\":223,\"caption\":\"Waldspurger AG\"},\"image\":{\"@id\":\"https:\/\/waldspurger.ch\/fr\/#\/schema\/logo\/image\/\"},\"sameAs\":[\"https:\/\/ch.linkedin.com\/company\/waldspurger-bergdietikon\",\"https:\/\/www.youtube.com\/channel\/UC4BYucVfPuWzNF4hyfO3YTw\"]},{\"@type\":\"Person\",\"@id\":\"https:\/\/waldspurger.ch\/fr\/#\/schema\/person\/e92a92f5b5a240afd932a5eba15ae94c\",\"name\":\"Adminmoritzi\",\"image\":{\"@type\":\"ImageObject\",\"inLanguage\":\"fr-FR\",\"@id\":\"https:\/\/secure.gravatar.com\/avatar\/4f43fbec0cc1848d75d18da5595fa2e9d12bc02d9d761756323c70efe587d61a?s=96&d=mm&r=g\",\"url\":\"https:\/\/secure.gravatar.com\/avatar\/4f43fbec0cc1848d75d18da5595fa2e9d12bc02d9d761756323c70efe587d61a?s=96&d=mm&r=g\",\"contentUrl\":\"https:\/\/secure.gravatar.com\/avatar\/4f43fbec0cc1848d75d18da5595fa2e9d12bc02d9d761756323c70efe587d61a?s=96&d=mm&r=g\",\"caption\":\"Adminmoritzi\"}}]}<\/script>\n<!-- \/ Yoast SEO plugin. -->","yoast_head_json":{"title":"Sinc\u00e8res f\u00e9licitations ! - Waldspurger SA","robots":{"index":"index","follow":"follow","max-snippet":"max-snippet:-1","max-image-preview":"max-image-preview:large","max-video-preview":"max-video-preview:-1"},"canonical":"https:\/\/waldspurger.ch\/fr\/2021\/06\/18\/sinceres-felicitations\/","og_locale":"fr_FR","og_type":"article","og_title":"Sinc\u00e8res f\u00e9licitations ! - Waldspurger SA","og_description":"Les Championnats d'Europe World Para Athletics ont eu lieu \u00e0 Bydgoszcz, en Pologne, du 1er au 5 juin 2021.","og_url":"https:\/\/waldspurger.ch\/fr\/2021\/06\/18\/sinceres-felicitations\/","og_site_name":"Waldspurger SA","article_published_time":"2021-06-18T09:15:22+00:00","article_modified_time":"2022-03-04T15:03:58+00:00","og_image":[{"width":650,"height":430,"url":"https:\/\/waldspurger.ch\/wp-content\/uploads\/2021\/09\/SwissParalympic_2021.jpg","type":"image\/jpeg"}],"author":"Adminmoritzi","twitter_card":"summary_large_image","schema":{"@context":"https:\/\/schema.org","@graph":[{"@type":"Article","@id":"https:\/\/waldspurger.ch\/fr\/2021\/06\/18\/sinceres-felicitations\/#article","isPartOf":{"@id":"https:\/\/waldspurger.ch\/fr\/2021\/06\/18\/sinceres-felicitations\/"},"author":{"name":"Adminmoritzi","@id":"https:\/\/waldspurger.ch\/fr\/#\/schema\/person\/e92a92f5b5a240afd932a5eba15ae94c"},"headline":"Sinc\u00e8res f\u00e9licitations !","datePublished":"2021-06-18T09:15:22+00:00","dateModified":"2022-03-04T15:03:58+00:00","mainEntityOfPage":{"@id":"https:\/\/waldspurger.ch\/fr\/2021\/06\/18\/sinceres-felicitations\/"},"wordCount":207,"publisher":{"@id":"https:\/\/waldspurger.ch\/fr\/#organization"},"image":{"@id":"https:\/\/waldspurger.ch\/fr\/2021\/06\/18\/sinceres-felicitations\/#primaryimage"},"thumbnailUrl":"https:\/\/waldspurger.ch\/wp-content\/uploads\/2021\/09\/SwissParalympic_2021.jpg","articleSection":["Informations utiles","Nouvelles"],"inLanguage":"fr-FR"},{"@type":"WebPage","@id":"https:\/\/waldspurger.ch\/fr\/2021\/06\/18\/sinceres-felicitations\/","url":"https:\/\/waldspurger.ch\/fr\/2021\/06\/18\/sinceres-felicitations\/","name":"Sinc\u00e8res f\u00e9licitations ! - Waldspurger SA","isPartOf":{"@id":"https:\/\/waldspurger.ch\/fr\/#website"},"primaryImageOfPage":{"@id":"https:\/\/waldspurger.ch\/fr\/2021\/06\/18\/sinceres-felicitations\/#primaryimage"},"image":{"@id":"https:\/\/waldspurger.ch\/fr\/2021\/06\/18\/sinceres-felicitations\/#primaryimage"},"thumbnailUrl":"https:\/\/waldspurger.ch\/wp-content\/uploads\/2021\/09\/SwissParalympic_2021.jpg","datePublished":"2021-06-18T09:15:22+00:00","dateModified":"2022-03-04T15:03:58+00:00","breadcrumb":{"@id":"https:\/\/waldspurger.ch\/fr\/2021\/06\/18\/sinceres-felicitations\/#breadcrumb"},"inLanguage":"fr-FR","potentialAction":[{"@type":"ReadAction","target":["https:\/\/waldspurger.ch\/fr\/2021\/06\/18\/sinceres-felicitations\/"]}]},{"@type":"ImageObject","inLanguage":"fr-FR","@id":"https:\/\/waldspurger.ch\/fr\/2021\/06\/18\/sinceres-felicitations\/#primaryimage","url":"https:\/\/waldspurger.ch\/wp-content\/uploads\/2021\/09\/SwissParalympic_2021.jpg","contentUrl":"https:\/\/waldspurger.ch\/wp-content\/uploads\/2021\/09\/SwissParalympic_2021.jpg","width":650,"height":430},{"@type":"BreadcrumbList","@id":"https:\/\/waldspurger.ch\/fr\/2021\/06\/18\/sinceres-felicitations\/#breadcrumb","itemListElement":[{"@type":"ListItem","position":1,"name":"Startseite","item":"https:\/\/waldspurger.ch\/fr\/"},{"@type":"ListItem","position":2,"name":"Sinc\u00e8res f\u00e9licitations !"}]},{"@type":"WebSite","@id":"https:\/\/waldspurger.ch\/fr\/#website","url":"https:\/\/waldspurger.ch\/fr\/","name":"Waldspurger SA","description":"Am\u00e9nagement","publisher":{"@id":"https:\/\/waldspurger.ch\/fr\/#organization"},"potentialAction":[{"@type":"SearchAction","target":{"@type":"EntryPoint","urlTemplate":"https:\/\/waldspurger.ch\/fr\/?s={search_term_string}"},"query-input":{"@type":"PropertyValueSpecification","valueRequired":true,"valueName":"search_term_string"}}],"inLanguage":"fr-FR"},{"@type":"Organization","@id":"https:\/\/waldspurger.ch\/fr\/#organization","name":"Waldspurger AG","url":"https:\/\/waldspurger.ch\/fr\/","logo":{"@type":"ImageObject","inLanguage":"fr-FR","@id":"https:\/\/waldspurger.ch\/fr\/#\/schema\/logo\/image\/","url":"https:\/\/waldspurger.ch\/wp-content\/uploads\/2022\/02\/logo_de.png","contentUrl":"https:\/\/waldspurger.ch\/wp-content\/uploads\/2022\/02\/logo_de.png","width":320,"height":223,"caption":"Waldspurger AG"},"image":{"@id":"https:\/\/waldspurger.ch\/fr\/#\/schema\/logo\/image\/"},"sameAs":["https:\/\/ch.linkedin.com\/company\/waldspurger-bergdietikon","https:\/\/www.youtube.com\/channel\/UC4BYucVfPuWzNF4hyfO3YTw"]},{"@type":"Person","@id":"https:\/\/waldspurger.ch\/fr\/#\/schema\/person\/e92a92f5b5a240afd932a5eba15ae94c","name":"Adminmoritzi","image":{"@type":"ImageObject","inLanguage":"fr-FR","@id":"https:\/\/secure.gravatar.com\/avatar\/4f43fbec0cc1848d75d18da5595fa2e9d12bc02d9d761756323c70efe587d61a?s=96&d=mm&r=g","url":"https:\/\/secure.gravatar.com\/avatar\/4f43fbec0cc1848d75d18da5595fa2e9d12bc02d9d761756323c70efe587d61a?s=96&d=mm&r=g","contentUrl":"https:\/\/secure.gravatar.com\/avatar\/4f43fbec0cc1848d75d18da5595fa2e9d12bc02d9d761756323c70efe587d61a?s=96&d=mm&r=g","caption":"Adminmoritzi"}}]}},"menu_order":0,"_links":{"self":[{"href":"https:\/\/waldspurger.ch\/fr\/wp-json\/wp\/v2\/posts\/33731","targetHints":{"allow":["GET"]}}],"collection":[{"href":"https:\/\/waldspurger.ch\/fr\/wp-json\/wp\/v2\/posts"}],"about":[{"href":"https:\/\/waldspurger.ch\/fr\/wp-json\/wp\/v2\/types\/post"}],"author":[{"embeddable":true,"href":"https:\/\/waldspurger.ch\/fr\/wp-json\/wp\/v2\/users\/1"}],"replies":[{"embeddable":true,"href":"https:\/\/waldspurger.ch\/fr\/wp-json\/wp\/v2\/comments?post=33731"}],"version-history":[{"count":0,"href":"https:\/\/waldspurger.ch\/fr\/wp-json\/wp\/v2\/posts\/33731\/revisions"}],"wp:featuredmedia":[{"embeddable":true,"href":"https:\/\/waldspurger.ch\/fr\/wp-json\/wp\/v2\/media\/31408"}],"wp:attachment":[{"href":"https:\/\/waldspurger.ch\/fr\/wp-json\/wp\/v2\/media?parent=33731"}],"wp:term":[{"taxonomy":"category","embeddable":true,"href":"https:\/\/waldspurger.ch\/fr\/wp-json\/wp\/v2\/categories?post=33731"},{"taxonomy":"post_tag","embeddable":true,"href":"https:\/\/waldspurger.ch\/fr\/wp-json\/wp\/v2\/tags?post=33731"}],"curies":[{"name":"wp","href":"https:\/\/api.w.org\/{rel}","templated":true}]}}